{"id":5061,"date":"2021-08-20T10:59:45","date_gmt":"2021-08-20T09:59:45","guid":{"rendered":"https:\/\/oicos.cat\/ajuts-per-a-lautoconsum-denergia-i-emmagatzematge\/"},"modified":"2021-08-24T15:38:59","modified_gmt":"2021-08-24T14:38:59","slug":"ajuts-per-a-lautoconsum-denergia-i-emmagatzematge","status":"publish","type":"post","link":"https:\/\/oicos.cat\/es\/ajuts-per-a-lautoconsum-denergia-i-emmagatzematge\/","title":{"rendered":"Ayudas para el autoconsumo de energ\u00eda y almacenamiento"},"content":{"rendered":"\n<p>Recientemente se ha publicado el Real Decreto 477\/2021, de 29 de junio, por el que se aprueba la concesi\u00f3n directa a las comunidades aut\u00f3nomas y en las ciudades de Ceuta y Melilla de ayudas para la ejecuci\u00f3n de diversos programas de incentivos ligados al autoconsumo y al almacenamiento, con fondos de energ\u00eda renovable, as\u00ed como la implantaci\u00f3n de sistemas t\u00e9rmicos renovables en el sector residencial, en el marco del Plan de Recuperaci\u00f3n, Transformaci\u00f3n y Resiliencia. <\/p>\n\n\n\n<p>Cada comunidad aut\u00f3noma efectuar\u00e1 la convocatoria correspondiente como m\u00e1ximo a <strong>finales de octubre de 2021. <\/strong><\/p>\n\n\n\n<h4 class=\"wp-block-heading\">Actuaciones subvencionables<\/h4>\n\n\n\n<h5 class=\"wp-block-heading\">En las PyME industrial y de servicios:<\/h5>\n\n\n\n<ul class=\"wp-block-list\"><li>Programa 1: Realizaci\u00f3n de instalaciones de autoconsumo, con fuentes de energ\u00eda renovable, en el sector servicios, con o sin almacenamiento.<\/li><li>Programa 2: Realizaci\u00f3n de instalaciones de autoconsumo, con fuentes de energ\u00eda renovable, en otros sectores productivos de la econom\u00eda, con o sin almacenamiento.<\/li><li>Programa 3: Incorporaci\u00f3n de almacenamiento en instalaciones de autoconsumo, con fuentes de energ\u00eda renovable, ya existentes en el sector servicios y otros sectores productivos.<\/li><\/ul>\n\n\n\n<h5 class=\"wp-block-heading\">En el \u00e1mbito residencial, administraciones y tercer sector:<\/h5>\n\n\n\n<ul class=\"wp-block-list\"><li>Programa 4: Realizaci\u00f3n de instalaciones de autoconsumo, con fuentes de energ\u00eda renovable, en el sector residencial, las administraciones p\u00fablicas y el tercer sector, con o sin almacenamiento.<\/li><li>Programa 5: Incorporaci\u00f3n de almacenamiento en instalaciones de autoconsumo, con fuentes de energ\u00eda renovable, ya existentes en el sector residencial, las administraciones p\u00fablicas y el tercer sector.<\/li><li>Programa 6: Realizaci\u00f3n de instalaciones de energ\u00edas renovables t\u00e9rmicas en el sector residencial<\/li><\/ul>\n\n\n\n<h4 class=\"wp-block-heading\">Beneficiarios<\/h4>\n\n\n\n<h5 class=\"wp-block-heading\">Para los programas 1,2,y 3<\/h5>\n\n\n\n<ul class=\"wp-block-list\"><li>Personas jur\u00eddicas y agrupaciones de empresas o de personas f\u00edsicas, con o sin personalidad jur\u00eddica, que <strong>S\u00cd realicen una actividad econ\u00f3mica<\/strong> por la que ofrezcan bienes o servicios en el mercado, incluyendo, entre otros:<ul><li>Los gestores de pol\u00edgonos industriales<\/li><li>Las empresas explotadoras, arrendatarias o concesionarias de actuaciones en el \u00e1mbito de la energ\u00eda<\/li><li>Las empresas de servicios energ\u00e9ticos o proveedoras de servicios energ\u00e9ticos<\/li><li>Las comunidades de energ\u00edas renovables y las comunidades ciudadanas de energ\u00eda<\/li><\/ul><\/li><li>Los destinatarios \u00faltimos del programa de incentivos 1 deber\u00e1n ejercer su actividad dentro de un CNAE incluido en uno de los siguientes grupos: G, H, I, J, K, L, M, N, O, P, Q, R o S.<\/li><li>Los destinatarios \u00faltimos del programa de incentivos 2 deber\u00e1n ejercer su actividad dentro de un CNAE correspondiente al grupo A01, excepto el 017, o dentro de un CNAE correspondiente a los grupos B, C, D, E o F.<\/li><li>Los destinatarios \u00faltimos del programa 3 deber\u00e1n ejercer su actividad dentro de un CNAE correspondiente a uno de los grupos establecidos en los p\u00e1rrafos anteriores 2 y 3.<\/li><\/ul>\n\n\n\n<h5 class=\"wp-block-heading\">Para los programas 4,5 i 6:<\/h5>\n\n\n\n<ul class=\"wp-block-list\"><li>Personas f\u00edsicas, entidades locales, comunidades de propietarios, comunidades energ\u00e9ticas, o tambi\u00e9n jur\u00eddicas y agrupaciones de empresas que <strong>NO realicen una actividad econ\u00f3mica<\/strong><\/li><\/ul>\n\n\n\n<h4 class=\"wp-block-heading\">Cuant\u00eda<\/h4>\n\n\n\n<p>La cuant\u00eda de las ayudas se incluye en el anexo III de este Real Decreto para cada uno de los programas de incentivos y tipolog\u00edas de actuaciones subvencionables, as\u00ed como para cada tipo de destinatario \u00faltimo.<\/p>\n\n\n\n<p>Aproximadamente las ayudas a fondo perdido ser\u00e1n, en funci\u00f3n de si es una PYME o una gran empresa, los siguientes:<\/p>\n\n\n\n<ul class=\"wp-block-list\"><li><strong>Solar fotovoltaica sin almacenamiento<\/strong>: entre\u00a0<strong>15-45%<\/strong>\u00a0(la eliminaci\u00f3n de las cubiertas de amianto y la instalaci\u00f3n de marquesinas se pueden incluir en la inversi\u00f3n)<\/li><li><strong>Solar fotovoltaica con almacenamiento<\/strong>: entre\u00a0<strong>45-65%<\/strong><\/li><li><strong>E\u00f3lica:\u00a0<\/strong>entre<strong>\u00a020-50%<\/strong><\/li><\/ul>\n\n\n\n<h4 class=\"wp-block-heading\">Plazos<\/h4>\n\n\n\n<ul class=\"wp-block-list\"><li><strong>Solicitud<\/strong>: Desde el d\u00eda siguiente de la publicaci\u00f3n de la convocatoria y hasta agotar el presupuesto disponible para esta actuaci\u00f3n o, como m\u00e1ximo, el 31 de diciembre de 2023.<\/li><li>Se trata de ayudas con car\u00e1cter incentivador, por lo que no ser\u00e1n subvencionables las actuaciones iniciadas con anterioridad a la solicitud de ayuda. El r\u00e9gimen ser\u00e1 <strong>reglada<\/strong>, es decir, por orden de entrada de solicitud.<\/li><\/ul>\n\n\n\n<p>Acceso a las bases: \u00a0<a href=\"https:\/\/boe.es\/diario_boe\/txt.php?id=BOE-A-2021-10824\">Real Decreto 477\/2021<\/a><\/p>\n","protected":false},"excerpt":{"rendered":"<p>Recientemente se ha publicado el Real Decreto 477\/2021, de 29 de junio, por el que se aprueba la concesi\u00f3n directa a las comunidades aut\u00f3nomas y en<span class=\"excerpt-hellip\"> [\u2026]<\/span><\/p>\n","protected":false},"author":2,"featured_media":5008,"comment_status":"open","ping_status":"open","sticky":false,"template":"","format":"standard","meta":{"footnotes":""},"categories":[31,27],"tags":[],"class_list":["post-5061","post","type-post","status-publish","format-standard","has-post-thumbnail","hentry","category-ayudas","category-noticias"],"yoast_head":"<!-- This site is optimized with the Yoast SEO plugin v27.4 - https:\/\/yoast.com\/product\/yoast-seo-wordpress\/ -->\n<title>Ayudas para el autoconsumo de energ\u00eda y almacenamiento - O\u00eecos<\/title>\n<meta name=\"robots\" content=\"index, follow, max-snippet:-1, max-image-preview:large, max-video-preview:-1\" \/>\n<link rel=\"canonical\" href=\"https:\/\/oicos.cat\/es\/ajuts-per-a-lautoconsum-denergia-i-emmagatzematge\/\" \/>\n<meta property=\"og:locale\" content=\"es_ES\" \/>\n<meta property=\"og:type\" content=\"article\" \/>\n<meta property=\"og:title\" content=\"Ayudas para el autoconsumo de energ\u00eda y almacenamiento - O\u00eecos\" \/>\n<meta property=\"og:description\" content=\"Recientemente se ha publicado el Real Decreto 477\/2021, de 29 de junio, por el que se aprueba la concesi\u00f3n directa a las comunidades aut\u00f3nomas y en [\u2026]\" \/>\n<meta property=\"og:url\" content=\"https:\/\/oicos.cat\/es\/ajuts-per-a-lautoconsum-denergia-i-emmagatzematge\/\" \/>\n<meta property=\"og:site_name\" content=\"O\u00eecos\" \/>\n<meta property=\"article:publisher\" content=\"https:\/\/www.facebook.com\/OicosEstrategiaAmbiental\" \/>\n<meta property=\"article:published_time\" content=\"2021-08-20T09:59:45+00:00\" \/>\n<meta property=\"article:modified_time\" content=\"2021-08-24T14:38:59+00:00\" \/>\n<meta property=\"og:image\" content=\"https:\/\/oicos.cat\/wp-content\/uploads\/2021\/08\/autoconsumo-fotovoltaico-industrial-coversun.jpg\" \/>\n\t<meta property=\"og:image:width\" content=\"1920\" \/>\n\t<meta property=\"og:image:height\" content=\"1080\" \/>\n\t<meta property=\"og:image:type\" content=\"image\/jpeg\" \/>\n<meta name=\"author\" content=\"Josep Rosell\" \/>\n<meta name=\"twitter:card\" content=\"summary_large_image\" \/>\n<meta name=\"twitter:label1\" content=\"Escrito por\" \/>\n\t<meta name=\"twitter:data1\" content=\"Josep Rosell\" \/>\n\t<meta name=\"twitter:label2\" content=\"Tiempo de lectura\" \/>\n\t<meta name=\"twitter:data2\" content=\"3 minutos\" \/>\n<script type=\"application\/ld+json\" class=\"yoast-schema-graph\">{\"@context\":\"https:\\\/\\\/schema.org\",\"@graph\":[{\"@type\":\"Article\",\"@id\":\"https:\\\/\\\/oicos.cat\\\/es\\\/ajuts-per-a-lautoconsum-denergia-i-emmagatzematge\\\/#article\",\"isPartOf\":{\"@id\":\"https:\\\/\\\/oicos.cat\\\/es\\\/ajuts-per-a-lautoconsum-denergia-i-emmagatzematge\\\/\"},\"author\":{\"name\":\"Josep Rosell\",\"@id\":\"https:\\\/\\\/oicos.cat\\\/#\\\/schema\\\/person\\\/7771ffecac4bf02302579fb7072bd6dc\"},\"headline\":\"Ayudas para el autoconsumo de energ\u00eda y almacenamiento\",\"datePublished\":\"2021-08-20T09:59:45+00:00\",\"dateModified\":\"2021-08-24T14:38:59+00:00\",\"mainEntityOfPage\":{\"@id\":\"https:\\\/\\\/oicos.cat\\\/es\\\/ajuts-per-a-lautoconsum-denergia-i-emmagatzematge\\\/\"},\"wordCount\":663,\"commentCount\":0,\"publisher\":{\"@id\":\"https:\\\/\\\/oicos.cat\\\/#organization\"},\"image\":{\"@id\":\"https:\\\/\\\/oicos.cat\\\/es\\\/ajuts-per-a-lautoconsum-denergia-i-emmagatzematge\\\/#primaryimage\"},\"thumbnailUrl\":\"https:\\\/\\\/oicos.cat\\\/wp-content\\\/uploads\\\/2021\\\/08\\\/autoconsumo-fotovoltaico-industrial-coversun.jpg\",\"articleSection\":[\"Ayudas\",\"Not\u00edcias\"],\"inLanguage\":\"es\",\"potentialAction\":[{\"@type\":\"CommentAction\",\"name\":\"Comment\",\"target\":[\"https:\\\/\\\/oicos.cat\\\/es\\\/ajuts-per-a-lautoconsum-denergia-i-emmagatzematge\\\/#respond\"]}]},{\"@type\":\"WebPage\",\"@id\":\"https:\\\/\\\/oicos.cat\\\/es\\\/ajuts-per-a-lautoconsum-denergia-i-emmagatzematge\\\/\",\"url\":\"https:\\\/\\\/oicos.cat\\\/es\\\/ajuts-per-a-lautoconsum-denergia-i-emmagatzematge\\\/\",\"name\":\"Ayudas para el autoconsumo de energ\u00eda y almacenamiento - O\u00eecos\",\"isPartOf\":{\"@id\":\"https:\\\/\\\/oicos.cat\\\/#website\"},\"primaryImageOfPage\":{\"@id\":\"https:\\\/\\\/oicos.cat\\\/es\\\/ajuts-per-a-lautoconsum-denergia-i-emmagatzematge\\\/#primaryimage\"},\"image\":{\"@id\":\"https:\\\/\\\/oicos.cat\\\/es\\\/ajuts-per-a-lautoconsum-denergia-i-emmagatzematge\\\/#primaryimage\"},\"thumbnailUrl\":\"https:\\\/\\\/oicos.cat\\\/wp-content\\\/uploads\\\/2021\\\/08\\\/autoconsumo-fotovoltaico-industrial-coversun.jpg\",\"datePublished\":\"2021-08-20T09:59:45+00:00\",\"dateModified\":\"2021-08-24T14:38:59+00:00\",\"breadcrumb\":{\"@id\":\"https:\\\/\\\/oicos.cat\\\/es\\\/ajuts-per-a-lautoconsum-denergia-i-emmagatzematge\\\/#breadcrumb\"},\"inLanguage\":\"es\",\"potentialAction\":[{\"@type\":\"ReadAction\",\"target\":[\"https:\\\/\\\/oicos.cat\\\/es\\\/ajuts-per-a-lautoconsum-denergia-i-emmagatzematge\\\/\"]}]},{\"@type\":\"ImageObject\",\"inLanguage\":\"es\",\"@id\":\"https:\\\/\\\/oicos.cat\\\/es\\\/ajuts-per-a-lautoconsum-denergia-i-emmagatzematge\\\/#primaryimage\",\"url\":\"https:\\\/\\\/oicos.cat\\\/wp-content\\\/uploads\\\/2021\\\/08\\\/autoconsumo-fotovoltaico-industrial-coversun.jpg\",\"contentUrl\":\"https:\\\/\\\/oicos.cat\\\/wp-content\\\/uploads\\\/2021\\\/08\\\/autoconsumo-fotovoltaico-industrial-coversun.jpg\",\"width\":1920,\"height\":1080,\"caption\":\"Font: Coversun\"},{\"@type\":\"BreadcrumbList\",\"@id\":\"https:\\\/\\\/oicos.cat\\\/es\\\/ajuts-per-a-lautoconsum-denergia-i-emmagatzematge\\\/#breadcrumb\",\"itemListElement\":[{\"@type\":\"ListItem\",\"position\":1,\"name\":\"Inicio\",\"item\":\"https:\\\/\\\/oicos.cat\\\/es\\\/\"},{\"@type\":\"ListItem\",\"position\":2,\"name\":\"Ayudas para el autoconsumo de energ\u00eda y almacenamiento\"}]},{\"@type\":\"WebSite\",\"@id\":\"https:\\\/\\\/oicos.cat\\\/#website\",\"url\":\"https:\\\/\\\/oicos.cat\\\/\",\"name\":\"O\u00eecos\",\"description\":\"Avan\u00e7ant cap a l&#039;economia verda i circular | O\u00ceCOS Estrategia Ambiental\",\"publisher\":{\"@id\":\"https:\\\/\\\/oicos.cat\\\/#organization\"},\"potentialAction\":[{\"@type\":\"SearchAction\",\"target\":{\"@type\":\"EntryPoint\",\"urlTemplate\":\"https:\\\/\\\/oicos.cat\\\/?s={search_term_string}\"},\"query-input\":{\"@type\":\"PropertyValueSpecification\",\"valueRequired\":true,\"valueName\":\"search_term_string\"}}],\"inLanguage\":\"es\"},{\"@type\":\"Organization\",\"@id\":\"https:\\\/\\\/oicos.cat\\\/#organization\",\"name\":\"Oicos Estrat\u00e8gia Ambiental, S.C.P\",\"url\":\"https:\\\/\\\/oicos.cat\\\/\",\"logo\":{\"@type\":\"ImageObject\",\"inLanguage\":\"es\",\"@id\":\"https:\\\/\\\/oicos.cat\\\/#\\\/schema\\\/logo\\\/image\\\/\",\"url\":\"https:\\\/\\\/oicos.cat\\\/wp-content\\\/uploads\\\/2018\\\/03\\\/logo-oicos-01.jpg\",\"contentUrl\":\"https:\\\/\\\/oicos.cat\\\/wp-content\\\/uploads\\\/2018\\\/03\\\/logo-oicos-01.jpg\",\"width\":1000,\"height\":600,\"caption\":\"Oicos Estrat\u00e8gia Ambiental, S.C.P\"},\"image\":{\"@id\":\"https:\\\/\\\/oicos.cat\\\/#\\\/schema\\\/logo\\\/image\\\/\"},\"sameAs\":[\"https:\\\/\\\/www.facebook.com\\\/OicosEstrategiaAmbiental\",\"https:\\\/\\\/www.linkedin.com\\\/company\\\/o-c-s-estrategia-ambiental\"]},{\"@type\":\"Person\",\"@id\":\"https:\\\/\\\/oicos.cat\\\/#\\\/schema\\\/person\\\/7771ffecac4bf02302579fb7072bd6dc\",\"name\":\"Josep Rosell\",\"image\":{\"@type\":\"ImageObject\",\"inLanguage\":\"es\",\"@id\":\"https:\\\/\\\/secure.gravatar.com\\\/avatar\\\/d2170ac7b95934633830bb89d18b6f4632dba48c9a856e0c4f254e4b613eca18?s=96&d=mm&r=g\",\"url\":\"https:\\\/\\\/secure.gravatar.com\\\/avatar\\\/d2170ac7b95934633830bb89d18b6f4632dba48c9a856e0c4f254e4b613eca18?s=96&d=mm&r=g\",\"contentUrl\":\"https:\\\/\\\/secure.gravatar.com\\\/avatar\\\/d2170ac7b95934633830bb89d18b6f4632dba48c9a856e0c4f254e4b613eca18?s=96&d=mm&r=g\",\"caption\":\"Josep Rosell\"},\"sameAs\":[\"http:\\\/\\\/oicos.cat\"]}]}<\/script>\n<!-- \/ Yoast SEO plugin. -->","yoast_head_json":{"title":"Ayudas para el autoconsumo de energ\u00eda y almacenamiento - O\u00eecos","robots":{"index":"index","follow":"follow","max-snippet":"max-snippet:-1","max-image-preview":"max-image-preview:large","max-video-preview":"max-video-preview:-1"},"canonical":"https:\/\/oicos.cat\/es\/ajuts-per-a-lautoconsum-denergia-i-emmagatzematge\/","og_locale":"es_ES","og_type":"article","og_title":"Ayudas para el autoconsumo de energ\u00eda y almacenamiento - O\u00eecos","og_description":"Recientemente se ha publicado el Real Decreto 477\/2021, de 29 de junio, por el que se aprueba la concesi\u00f3n directa a las comunidades aut\u00f3nomas y en [\u2026]","og_url":"https:\/\/oicos.cat\/es\/ajuts-per-a-lautoconsum-denergia-i-emmagatzematge\/","og_site_name":"O\u00eecos","article_publisher":"https:\/\/www.facebook.com\/OicosEstrategiaAmbiental","article_published_time":"2021-08-20T09:59:45+00:00","article_modified_time":"2021-08-24T14:38:59+00:00","og_image":[{"width":1920,"height":1080,"url":"https:\/\/oicos.cat\/wp-content\/uploads\/2021\/08\/autoconsumo-fotovoltaico-industrial-coversun.jpg","type":"image\/jpeg"}],"author":"Josep Rosell","twitter_card":"summary_large_image","twitter_misc":{"Escrito por":"Josep Rosell","Tiempo de lectura":"3 minutos"},"schema":{"@context":"https:\/\/schema.org","@graph":[{"@type":"Article","@id":"https:\/\/oicos.cat\/es\/ajuts-per-a-lautoconsum-denergia-i-emmagatzematge\/#article","isPartOf":{"@id":"https:\/\/oicos.cat\/es\/ajuts-per-a-lautoconsum-denergia-i-emmagatzematge\/"},"author":{"name":"Josep Rosell","@id":"https:\/\/oicos.cat\/#\/schema\/person\/7771ffecac4bf02302579fb7072bd6dc"},"headline":"Ayudas para el autoconsumo de energ\u00eda y almacenamiento","datePublished":"2021-08-20T09:59:45+00:00","dateModified":"2021-08-24T14:38:59+00:00","mainEntityOfPage":{"@id":"https:\/\/oicos.cat\/es\/ajuts-per-a-lautoconsum-denergia-i-emmagatzematge\/"},"wordCount":663,"commentCount":0,"publisher":{"@id":"https:\/\/oicos.cat\/#organization"},"image":{"@id":"https:\/\/oicos.cat\/es\/ajuts-per-a-lautoconsum-denergia-i-emmagatzematge\/#primaryimage"},"thumbnailUrl":"https:\/\/oicos.cat\/wp-content\/uploads\/2021\/08\/autoconsumo-fotovoltaico-industrial-coversun.jpg","articleSection":["Ayudas","Not\u00edcias"],"inLanguage":"es","potentialAction":[{"@type":"CommentAction","name":"Comment","target":["https:\/\/oicos.cat\/es\/ajuts-per-a-lautoconsum-denergia-i-emmagatzematge\/#respond"]}]},{"@type":"WebPage","@id":"https:\/\/oicos.cat\/es\/ajuts-per-a-lautoconsum-denergia-i-emmagatzematge\/","url":"https:\/\/oicos.cat\/es\/ajuts-per-a-lautoconsum-denergia-i-emmagatzematge\/","name":"Ayudas para el autoconsumo de energ\u00eda y almacenamiento - O\u00eecos","isPartOf":{"@id":"https:\/\/oicos.cat\/#website"},"primaryImageOfPage":{"@id":"https:\/\/oicos.cat\/es\/ajuts-per-a-lautoconsum-denergia-i-emmagatzematge\/#primaryimage"},"image":{"@id":"https:\/\/oicos.cat\/es\/ajuts-per-a-lautoconsum-denergia-i-emmagatzematge\/#primaryimage"},"thumbnailUrl":"https:\/\/oicos.cat\/wp-content\/uploads\/2021\/08\/autoconsumo-fotovoltaico-industrial-coversun.jpg","datePublished":"2021-08-20T09:59:45+00:00","dateModified":"2021-08-24T14:38:59+00:00","breadcrumb":{"@id":"https:\/\/oicos.cat\/es\/ajuts-per-a-lautoconsum-denergia-i-emmagatzematge\/#breadcrumb"},"inLanguage":"es","potentialAction":[{"@type":"ReadAction","target":["https:\/\/oicos.cat\/es\/ajuts-per-a-lautoconsum-denergia-i-emmagatzematge\/"]}]},{"@type":"ImageObject","inLanguage":"es","@id":"https:\/\/oicos.cat\/es\/ajuts-per-a-lautoconsum-denergia-i-emmagatzematge\/#primaryimage","url":"https:\/\/oicos.cat\/wp-content\/uploads\/2021\/08\/autoconsumo-fotovoltaico-industrial-coversun.jpg","contentUrl":"https:\/\/oicos.cat\/wp-content\/uploads\/2021\/08\/autoconsumo-fotovoltaico-industrial-coversun.jpg","width":1920,"height":1080,"caption":"Font: Coversun"},{"@type":"BreadcrumbList","@id":"https:\/\/oicos.cat\/es\/ajuts-per-a-lautoconsum-denergia-i-emmagatzematge\/#breadcrumb","itemListElement":[{"@type":"ListItem","position":1,"name":"Inicio","item":"https:\/\/oicos.cat\/es\/"},{"@type":"ListItem","position":2,"name":"Ayudas para el autoconsumo de energ\u00eda y almacenamiento"}]},{"@type":"WebSite","@id":"https:\/\/oicos.cat\/#website","url":"https:\/\/oicos.cat\/","name":"O\u00eecos","description":"Avan\u00e7ant cap a l&#039;economia verda i circular | O\u00ceCOS Estrategia Ambiental","publisher":{"@id":"https:\/\/oicos.cat\/#organization"},"potentialAction":[{"@type":"SearchAction","target":{"@type":"EntryPoint","urlTemplate":"https:\/\/oicos.cat\/?s={search_term_string}"},"query-input":{"@type":"PropertyValueSpecification","valueRequired":true,"valueName":"search_term_string"}}],"inLanguage":"es"},{"@type":"Organization","@id":"https:\/\/oicos.cat\/#organization","name":"Oicos Estrat\u00e8gia Ambiental, S.C.P","url":"https:\/\/oicos.cat\/","logo":{"@type":"ImageObject","inLanguage":"es","@id":"https:\/\/oicos.cat\/#\/schema\/logo\/image\/","url":"https:\/\/oicos.cat\/wp-content\/uploads\/2018\/03\/logo-oicos-01.jpg","contentUrl":"https:\/\/oicos.cat\/wp-content\/uploads\/2018\/03\/logo-oicos-01.jpg","width":1000,"height":600,"caption":"Oicos Estrat\u00e8gia Ambiental, S.C.P"},"image":{"@id":"https:\/\/oicos.cat\/#\/schema\/logo\/image\/"},"sameAs":["https:\/\/www.facebook.com\/OicosEstrategiaAmbiental","https:\/\/www.linkedin.com\/company\/o-c-s-estrategia-ambiental"]},{"@type":"Person","@id":"https:\/\/oicos.cat\/#\/schema\/person\/7771ffecac4bf02302579fb7072bd6dc","name":"Josep Rosell","image":{"@type":"ImageObject","inLanguage":"es","@id":"https:\/\/secure.gravatar.com\/avatar\/d2170ac7b95934633830bb89d18b6f4632dba48c9a856e0c4f254e4b613eca18?s=96&d=mm&r=g","url":"https:\/\/secure.gravatar.com\/avatar\/d2170ac7b95934633830bb89d18b6f4632dba48c9a856e0c4f254e4b613eca18?s=96&d=mm&r=g","contentUrl":"https:\/\/secure.gravatar.com\/avatar\/d2170ac7b95934633830bb89d18b6f4632dba48c9a856e0c4f254e4b613eca18?s=96&d=mm&r=g","caption":"Josep Rosell"},"sameAs":["http:\/\/oicos.cat"]}]}},"_links":{"self":[{"href":"https:\/\/oicos.cat\/es\/wp-json\/wp\/v2\/posts\/5061","targetHints":{"allow":["GET"]}}],"collection":[{"href":"https:\/\/oicos.cat\/es\/wp-json\/wp\/v2\/posts"}],"about":[{"href":"https:\/\/oicos.cat\/es\/wp-json\/wp\/v2\/types\/post"}],"author":[{"embeddable":true,"href":"https:\/\/oicos.cat\/es\/wp-json\/wp\/v2\/users\/2"}],"replies":[{"embeddable":true,"href":"https:\/\/oicos.cat\/es\/wp-json\/wp\/v2\/comments?post=5061"}],"version-history":[{"count":2,"href":"https:\/\/oicos.cat\/es\/wp-json\/wp\/v2\/posts\/5061\/revisions"}],"predecessor-version":[{"id":5064,"href":"https:\/\/oicos.cat\/es\/wp-json\/wp\/v2\/posts\/5061\/revisions\/5064"}],"wp:featuredmedia":[{"embeddable":true,"href":"https:\/\/oicos.cat\/es\/wp-json\/wp\/v2\/media\/5008"}],"wp:attachment":[{"href":"https:\/\/oicos.cat\/es\/wp-json\/wp\/v2\/media?parent=5061"}],"wp:term":[{"taxonomy":"category","embeddable":true,"href":"https:\/\/oicos.cat\/es\/wp-json\/wp\/v2\/categories?post=5061"},{"taxonomy":"post_tag","embeddable":true,"href":"https:\/\/oicos.cat\/es\/wp-json\/wp\/v2\/tags?post=5061"}],"curies":[{"name":"wp","href":"https:\/\/api.w.org\/{rel}","templated":true}]}}