{"id":5036,"date":"2021-08-20T12:02:53","date_gmt":"2021-08-20T11:02:53","guid":{"rendered":"https:\/\/oicos.cat\/?p=5036"},"modified":"2021-08-20T12:02:56","modified_gmt":"2021-08-20T11:02:56","slug":"proyecto-de-instalacion-de-una-caldera-de-biomasa-en-el-complejo-acuatico-y-deportivo-can-mercader","status":"publish","type":"post","link":"https:\/\/oicos.cat\/es\/proyecto-de-instalacion-de-una-caldera-de-biomasa-en-el-complejo-acuatico-y-deportivo-can-mercader\/","title":{"rendered":"Proyecto de instalaci\u00f3n de una caldera de biomasa en el Complejo acu\u00e1tico y deportivo Can Mercader"},"content":{"rendered":"\n<p>Con fecha 21 de marzo 2021 se aprob\u00f3 definitivamente el proyecto para la instalaci\u00f3n de una caldera de biomasa de 500kW alimentada con biomasa s\u00f3lida (pellet o astilla forestal, u opcionalmente otra biomasa s\u00f3lida de origen agr\u00edcola) en el Complejo acu\u00e1tico y Deportivo de Can Mercader en Cornell\u00e0 de Llobregat. <\/p>\n\n\n\n<p>La previsi\u00f3n es que la nueva caldera sea capaz de suministrar la energ\u00eda t\u00e9rmica necesaria para cubrir el 100% de la demanda de la piscina al aire libre, que podr\u00e1 pasar a ser climatizada y, con la energ\u00eda sobrante durante ciertos momentos del a\u00f1o, podr\u00e1 cubrir el 76,1% de la demanda interior. En global se espera que la fracci\u00f3n energ\u00e9tica cubierta con biomasa en el Complejo Acu\u00e1tico y Deportivo Can Mercader sea del 67,3%.<\/p>\n\n\n\n<p>La nueva caldera est\u00e1 prevista en un espacio anexo a las actuales instalaciones, siendo sala de calderas y silo un espacio de nueva construcci\u00f3n.<\/p>\n\n\n\n<figure class=\"wp-block-image\"><img decoding=\"async\" src=\"https:\/\/oicos.cat\/wp-content\/uploads\/2021\/08\/image-3-1024x569.png\" alt=\"\"\/><\/figure>\n","protected":false},"excerpt":{"rendered":"<p>Con fecha 21 de marzo 2021 se aprob\u00f3 definitivamente el proyecto para la instalaci\u00f3n de una caldera de biomasa de 500kW alimentada con biomasa s\u00f3lida (pellet<span class=\"excerpt-hellip\"> [\u2026]<\/span><\/p>\n","protected":false},"author":2,"featured_media":5034,"comment_status":"open","ping_status":"open","sticky":false,"template":"","format":"standard","meta":{"footnotes":""},"categories":[30],"tags":[],"class_list":["post-5036","post","type-post","status-publish","format-standard","has-post-thumbnail","hentry","category-casos-de-exito"],"yoast_head":"<!-- This site is optimized with the Yoast SEO plugin v27.4 - https:\/\/yoast.com\/product\/yoast-seo-wordpress\/ -->\n<title>Proyecto de instalaci\u00f3n de una caldera de biomasa en el Complejo acu\u00e1tico y deportivo Can Mercader - O\u00eecos<\/title>\n<meta name=\"robots\" content=\"index, follow, max-snippet:-1, max-image-preview:large, max-video-preview:-1\" \/>\n<link rel=\"canonical\" href=\"https:\/\/oicos.cat\/es\/proyecto-de-instalacion-de-una-caldera-de-biomasa-en-el-complejo-acuatico-y-deportivo-can-mercader\/\" \/>\n<meta property=\"og:locale\" content=\"es_ES\" \/>\n<meta property=\"og:type\" content=\"article\" \/>\n<meta property=\"og:title\" content=\"Proyecto de instalaci\u00f3n de una caldera de biomasa en el Complejo acu\u00e1tico y deportivo Can Mercader - O\u00eecos\" \/>\n<meta property=\"og:description\" content=\"Con fecha 21 de marzo 2021 se aprob\u00f3 definitivamente el proyecto para la instalaci\u00f3n de una caldera de biomasa de 500kW alimentada con biomasa s\u00f3lida (pellet [\u2026]\" \/>\n<meta property=\"og:url\" content=\"https:\/\/oicos.cat\/es\/proyecto-de-instalacion-de-una-caldera-de-biomasa-en-el-complejo-acuatico-y-deportivo-can-mercader\/\" \/>\n<meta property=\"og:site_name\" content=\"O\u00eecos\" \/>\n<meta property=\"article:publisher\" content=\"https:\/\/www.facebook.com\/OicosEstrategiaAmbiental\" \/>\n<meta property=\"article:published_time\" content=\"2021-08-20T11:02:53+00:00\" \/>\n<meta property=\"article:modified_time\" content=\"2021-08-20T11:02:56+00:00\" \/>\n<meta property=\"og:image\" content=\"https:\/\/oicos.cat\/wp-content\/uploads\/2021\/08\/CanMercader.jpg\" \/>\n\t<meta property=\"og:image:width\" content=\"1030\" \/>\n\t<meta property=\"og:image:height\" content=\"679\" \/>\n\t<meta property=\"og:image:type\" content=\"image\/jpeg\" \/>\n<meta name=\"author\" content=\"Josep Rosell\" \/>\n<meta name=\"twitter:card\" content=\"summary_large_image\" \/>\n<meta name=\"twitter:label1\" content=\"Escrito por\" \/>\n\t<meta name=\"twitter:data1\" content=\"Josep Rosell\" \/>\n\t<meta name=\"twitter:label2\" content=\"Tiempo de lectura\" \/>\n\t<meta name=\"twitter:data2\" content=\"1 minuto\" \/>\n<script type=\"application\/ld+json\" class=\"yoast-schema-graph\">{\"@context\":\"https:\\\/\\\/schema.org\",\"@graph\":[{\"@type\":\"Article\",\"@id\":\"https:\\\/\\\/oicos.cat\\\/es\\\/proyecto-de-instalacion-de-una-caldera-de-biomasa-en-el-complejo-acuatico-y-deportivo-can-mercader\\\/#article\",\"isPartOf\":{\"@id\":\"https:\\\/\\\/oicos.cat\\\/es\\\/proyecto-de-instalacion-de-una-caldera-de-biomasa-en-el-complejo-acuatico-y-deportivo-can-mercader\\\/\"},\"author\":{\"name\":\"Josep Rosell\",\"@id\":\"https:\\\/\\\/oicos.cat\\\/#\\\/schema\\\/person\\\/7771ffecac4bf02302579fb7072bd6dc\"},\"headline\":\"Proyecto de instalaci\u00f3n de una caldera de biomasa en el Complejo acu\u00e1tico y deportivo Can Mercader\",\"datePublished\":\"2021-08-20T11:02:53+00:00\",\"dateModified\":\"2021-08-20T11:02:56+00:00\",\"mainEntityOfPage\":{\"@id\":\"https:\\\/\\\/oicos.cat\\\/es\\\/proyecto-de-instalacion-de-una-caldera-de-biomasa-en-el-complejo-acuatico-y-deportivo-can-mercader\\\/\"},\"wordCount\":175,\"commentCount\":0,\"publisher\":{\"@id\":\"https:\\\/\\\/oicos.cat\\\/#organization\"},\"image\":{\"@id\":\"https:\\\/\\\/oicos.cat\\\/es\\\/proyecto-de-instalacion-de-una-caldera-de-biomasa-en-el-complejo-acuatico-y-deportivo-can-mercader\\\/#primaryimage\"},\"thumbnailUrl\":\"https:\\\/\\\/oicos.cat\\\/wp-content\\\/uploads\\\/2021\\\/08\\\/CanMercader.jpg\",\"articleSection\":[\"Casos de \u00e9xito\"],\"inLanguage\":\"es\",\"potentialAction\":[{\"@type\":\"CommentAction\",\"name\":\"Comment\",\"target\":[\"https:\\\/\\\/oicos.cat\\\/es\\\/proyecto-de-instalacion-de-una-caldera-de-biomasa-en-el-complejo-acuatico-y-deportivo-can-mercader\\\/#respond\"]}]},{\"@type\":\"WebPage\",\"@id\":\"https:\\\/\\\/oicos.cat\\\/es\\\/proyecto-de-instalacion-de-una-caldera-de-biomasa-en-el-complejo-acuatico-y-deportivo-can-mercader\\\/\",\"url\":\"https:\\\/\\\/oicos.cat\\\/es\\\/proyecto-de-instalacion-de-una-caldera-de-biomasa-en-el-complejo-acuatico-y-deportivo-can-mercader\\\/\",\"name\":\"Proyecto de instalaci\u00f3n de una caldera de biomasa en el Complejo acu\u00e1tico y deportivo Can Mercader - O\u00eecos\",\"isPartOf\":{\"@id\":\"https:\\\/\\\/oicos.cat\\\/#website\"},\"primaryImageOfPage\":{\"@id\":\"https:\\\/\\\/oicos.cat\\\/es\\\/proyecto-de-instalacion-de-una-caldera-de-biomasa-en-el-complejo-acuatico-y-deportivo-can-mercader\\\/#primaryimage\"},\"image\":{\"@id\":\"https:\\\/\\\/oicos.cat\\\/es\\\/proyecto-de-instalacion-de-una-caldera-de-biomasa-en-el-complejo-acuatico-y-deportivo-can-mercader\\\/#primaryimage\"},\"thumbnailUrl\":\"https:\\\/\\\/oicos.cat\\\/wp-content\\\/uploads\\\/2021\\\/08\\\/CanMercader.jpg\",\"datePublished\":\"2021-08-20T11:02:53+00:00\",\"dateModified\":\"2021-08-20T11:02:56+00:00\",\"breadcrumb\":{\"@id\":\"https:\\\/\\\/oicos.cat\\\/es\\\/proyecto-de-instalacion-de-una-caldera-de-biomasa-en-el-complejo-acuatico-y-deportivo-can-mercader\\\/#breadcrumb\"},\"inLanguage\":\"es\",\"potentialAction\":[{\"@type\":\"ReadAction\",\"target\":[\"https:\\\/\\\/oicos.cat\\\/es\\\/proyecto-de-instalacion-de-una-caldera-de-biomasa-en-el-complejo-acuatico-y-deportivo-can-mercader\\\/\"]}]},{\"@type\":\"ImageObject\",\"inLanguage\":\"es\",\"@id\":\"https:\\\/\\\/oicos.cat\\\/es\\\/proyecto-de-instalacion-de-una-caldera-de-biomasa-en-el-complejo-acuatico-y-deportivo-can-mercader\\\/#primaryimage\",\"url\":\"https:\\\/\\\/oicos.cat\\\/wp-content\\\/uploads\\\/2021\\\/08\\\/CanMercader.jpg\",\"contentUrl\":\"https:\\\/\\\/oicos.cat\\\/wp-content\\\/uploads\\\/2021\\\/08\\\/CanMercader.jpg\",\"width\":1030,\"height\":679},{\"@type\":\"BreadcrumbList\",\"@id\":\"https:\\\/\\\/oicos.cat\\\/es\\\/proyecto-de-instalacion-de-una-caldera-de-biomasa-en-el-complejo-acuatico-y-deportivo-can-mercader\\\/#breadcrumb\",\"itemListElement\":[{\"@type\":\"ListItem\",\"position\":1,\"name\":\"Inicio\",\"item\":\"https:\\\/\\\/oicos.cat\\\/es\\\/\"},{\"@type\":\"ListItem\",\"position\":2,\"name\":\"Proyecto de instalaci\u00f3n de una caldera de biomasa en el Complejo acu\u00e1tico y deportivo Can Mercader\"}]},{\"@type\":\"WebSite\",\"@id\":\"https:\\\/\\\/oicos.cat\\\/#website\",\"url\":\"https:\\\/\\\/oicos.cat\\\/\",\"name\":\"O\u00eecos\",\"description\":\"Avan\u00e7ant cap a l&#039;economia verda i circular | O\u00ceCOS Estrategia Ambiental\",\"publisher\":{\"@id\":\"https:\\\/\\\/oicos.cat\\\/#organization\"},\"potentialAction\":[{\"@type\":\"SearchAction\",\"target\":{\"@type\":\"EntryPoint\",\"urlTemplate\":\"https:\\\/\\\/oicos.cat\\\/?s={search_term_string}\"},\"query-input\":{\"@type\":\"PropertyValueSpecification\",\"valueRequired\":true,\"valueName\":\"search_term_string\"}}],\"inLanguage\":\"es\"},{\"@type\":\"Organization\",\"@id\":\"https:\\\/\\\/oicos.cat\\\/#organization\",\"name\":\"Oicos Estrat\u00e8gia Ambiental, S.C.P\",\"url\":\"https:\\\/\\\/oicos.cat\\\/\",\"logo\":{\"@type\":\"ImageObject\",\"inLanguage\":\"es\",\"@id\":\"https:\\\/\\\/oicos.cat\\\/#\\\/schema\\\/logo\\\/image\\\/\",\"url\":\"https:\\\/\\\/oicos.cat\\\/wp-content\\\/uploads\\\/2018\\\/03\\\/logo-oicos-01.jpg\",\"contentUrl\":\"https:\\\/\\\/oicos.cat\\\/wp-content\\\/uploads\\\/2018\\\/03\\\/logo-oicos-01.jpg\",\"width\":1000,\"height\":600,\"caption\":\"Oicos Estrat\u00e8gia Ambiental, S.C.P\"},\"image\":{\"@id\":\"https:\\\/\\\/oicos.cat\\\/#\\\/schema\\\/logo\\\/image\\\/\"},\"sameAs\":[\"https:\\\/\\\/www.facebook.com\\\/OicosEstrategiaAmbiental\",\"https:\\\/\\\/www.linkedin.com\\\/company\\\/o-c-s-estrategia-ambiental\"]},{\"@type\":\"Person\",\"@id\":\"https:\\\/\\\/oicos.cat\\\/#\\\/schema\\\/person\\\/7771ffecac4bf02302579fb7072bd6dc\",\"name\":\"Josep Rosell\",\"image\":{\"@type\":\"ImageObject\",\"inLanguage\":\"es\",\"@id\":\"https:\\\/\\\/secure.gravatar.com\\\/avatar\\\/d2170ac7b95934633830bb89d18b6f4632dba48c9a856e0c4f254e4b613eca18?s=96&d=mm&r=g\",\"url\":\"https:\\\/\\\/secure.gravatar.com\\\/avatar\\\/d2170ac7b95934633830bb89d18b6f4632dba48c9a856e0c4f254e4b613eca18?s=96&d=mm&r=g\",\"contentUrl\":\"https:\\\/\\\/secure.gravatar.com\\\/avatar\\\/d2170ac7b95934633830bb89d18b6f4632dba48c9a856e0c4f254e4b613eca18?s=96&d=mm&r=g\",\"caption\":\"Josep Rosell\"},\"sameAs\":[\"http:\\\/\\\/oicos.cat\"]}]}<\/script>\n<!-- \/ Yoast SEO plugin. -->","yoast_head_json":{"title":"Proyecto de instalaci\u00f3n de una caldera de biomasa en el Complejo acu\u00e1tico y deportivo Can Mercader - O\u00eecos","robots":{"index":"index","follow":"follow","max-snippet":"max-snippet:-1","max-image-preview":"max-image-preview:large","max-video-preview":"max-video-preview:-1"},"canonical":"https:\/\/oicos.cat\/es\/proyecto-de-instalacion-de-una-caldera-de-biomasa-en-el-complejo-acuatico-y-deportivo-can-mercader\/","og_locale":"es_ES","og_type":"article","og_title":"Proyecto de instalaci\u00f3n de una caldera de biomasa en el Complejo acu\u00e1tico y deportivo Can Mercader - O\u00eecos","og_description":"Con fecha 21 de marzo 2021 se aprob\u00f3 definitivamente el proyecto para la instalaci\u00f3n de una caldera de biomasa de 500kW alimentada con biomasa s\u00f3lida (pellet [\u2026]","og_url":"https:\/\/oicos.cat\/es\/proyecto-de-instalacion-de-una-caldera-de-biomasa-en-el-complejo-acuatico-y-deportivo-can-mercader\/","og_site_name":"O\u00eecos","article_publisher":"https:\/\/www.facebook.com\/OicosEstrategiaAmbiental","article_published_time":"2021-08-20T11:02:53+00:00","article_modified_time":"2021-08-20T11:02:56+00:00","og_image":[{"width":1030,"height":679,"url":"https:\/\/oicos.cat\/wp-content\/uploads\/2021\/08\/CanMercader.jpg","type":"image\/jpeg"}],"author":"Josep Rosell","twitter_card":"summary_large_image","twitter_misc":{"Escrito por":"Josep Rosell","Tiempo de lectura":"1 minuto"},"schema":{"@context":"https:\/\/schema.org","@graph":[{"@type":"Article","@id":"https:\/\/oicos.cat\/es\/proyecto-de-instalacion-de-una-caldera-de-biomasa-en-el-complejo-acuatico-y-deportivo-can-mercader\/#article","isPartOf":{"@id":"https:\/\/oicos.cat\/es\/proyecto-de-instalacion-de-una-caldera-de-biomasa-en-el-complejo-acuatico-y-deportivo-can-mercader\/"},"author":{"name":"Josep Rosell","@id":"https:\/\/oicos.cat\/#\/schema\/person\/7771ffecac4bf02302579fb7072bd6dc"},"headline":"Proyecto de instalaci\u00f3n de una caldera de biomasa en el Complejo acu\u00e1tico y deportivo Can Mercader","datePublished":"2021-08-20T11:02:53+00:00","dateModified":"2021-08-20T11:02:56+00:00","mainEntityOfPage":{"@id":"https:\/\/oicos.cat\/es\/proyecto-de-instalacion-de-una-caldera-de-biomasa-en-el-complejo-acuatico-y-deportivo-can-mercader\/"},"wordCount":175,"commentCount":0,"publisher":{"@id":"https:\/\/oicos.cat\/#organization"},"image":{"@id":"https:\/\/oicos.cat\/es\/proyecto-de-instalacion-de-una-caldera-de-biomasa-en-el-complejo-acuatico-y-deportivo-can-mercader\/#primaryimage"},"thumbnailUrl":"https:\/\/oicos.cat\/wp-content\/uploads\/2021\/08\/CanMercader.jpg","articleSection":["Casos de \u00e9xito"],"inLanguage":"es","potentialAction":[{"@type":"CommentAction","name":"Comment","target":["https:\/\/oicos.cat\/es\/proyecto-de-instalacion-de-una-caldera-de-biomasa-en-el-complejo-acuatico-y-deportivo-can-mercader\/#respond"]}]},{"@type":"WebPage","@id":"https:\/\/oicos.cat\/es\/proyecto-de-instalacion-de-una-caldera-de-biomasa-en-el-complejo-acuatico-y-deportivo-can-mercader\/","url":"https:\/\/oicos.cat\/es\/proyecto-de-instalacion-de-una-caldera-de-biomasa-en-el-complejo-acuatico-y-deportivo-can-mercader\/","name":"Proyecto de instalaci\u00f3n de una caldera de biomasa en el Complejo acu\u00e1tico y deportivo Can Mercader - O\u00eecos","isPartOf":{"@id":"https:\/\/oicos.cat\/#website"},"primaryImageOfPage":{"@id":"https:\/\/oicos.cat\/es\/proyecto-de-instalacion-de-una-caldera-de-biomasa-en-el-complejo-acuatico-y-deportivo-can-mercader\/#primaryimage"},"image":{"@id":"https:\/\/oicos.cat\/es\/proyecto-de-instalacion-de-una-caldera-de-biomasa-en-el-complejo-acuatico-y-deportivo-can-mercader\/#primaryimage"},"thumbnailUrl":"https:\/\/oicos.cat\/wp-content\/uploads\/2021\/08\/CanMercader.jpg","datePublished":"2021-08-20T11:02:53+00:00","dateModified":"2021-08-20T11:02:56+00:00","breadcrumb":{"@id":"https:\/\/oicos.cat\/es\/proyecto-de-instalacion-de-una-caldera-de-biomasa-en-el-complejo-acuatico-y-deportivo-can-mercader\/#breadcrumb"},"inLanguage":"es","potentialAction":[{"@type":"ReadAction","target":["https:\/\/oicos.cat\/es\/proyecto-de-instalacion-de-una-caldera-de-biomasa-en-el-complejo-acuatico-y-deportivo-can-mercader\/"]}]},{"@type":"ImageObject","inLanguage":"es","@id":"https:\/\/oicos.cat\/es\/proyecto-de-instalacion-de-una-caldera-de-biomasa-en-el-complejo-acuatico-y-deportivo-can-mercader\/#primaryimage","url":"https:\/\/oicos.cat\/wp-content\/uploads\/2021\/08\/CanMercader.jpg","contentUrl":"https:\/\/oicos.cat\/wp-content\/uploads\/2021\/08\/CanMercader.jpg","width":1030,"height":679},{"@type":"BreadcrumbList","@id":"https:\/\/oicos.cat\/es\/proyecto-de-instalacion-de-una-caldera-de-biomasa-en-el-complejo-acuatico-y-deportivo-can-mercader\/#breadcrumb","itemListElement":[{"@type":"ListItem","position":1,"name":"Inicio","item":"https:\/\/oicos.cat\/es\/"},{"@type":"ListItem","position":2,"name":"Proyecto de instalaci\u00f3n de una caldera de biomasa en el Complejo acu\u00e1tico y deportivo Can Mercader"}]},{"@type":"WebSite","@id":"https:\/\/oicos.cat\/#website","url":"https:\/\/oicos.cat\/","name":"O\u00eecos","description":"Avan\u00e7ant cap a l&#039;economia verda i circular | O\u00ceCOS Estrategia Ambiental","publisher":{"@id":"https:\/\/oicos.cat\/#organization"},"potentialAction":[{"@type":"SearchAction","target":{"@type":"EntryPoint","urlTemplate":"https:\/\/oicos.cat\/?s={search_term_string}"},"query-input":{"@type":"PropertyValueSpecification","valueRequired":true,"valueName":"search_term_string"}}],"inLanguage":"es"},{"@type":"Organization","@id":"https:\/\/oicos.cat\/#organization","name":"Oicos Estrat\u00e8gia Ambiental, S.C.P","url":"https:\/\/oicos.cat\/","logo":{"@type":"ImageObject","inLanguage":"es","@id":"https:\/\/oicos.cat\/#\/schema\/logo\/image\/","url":"https:\/\/oicos.cat\/wp-content\/uploads\/2018\/03\/logo-oicos-01.jpg","contentUrl":"https:\/\/oicos.cat\/wp-content\/uploads\/2018\/03\/logo-oicos-01.jpg","width":1000,"height":600,"caption":"Oicos Estrat\u00e8gia Ambiental, S.C.P"},"image":{"@id":"https:\/\/oicos.cat\/#\/schema\/logo\/image\/"},"sameAs":["https:\/\/www.facebook.com\/OicosEstrategiaAmbiental","https:\/\/www.linkedin.com\/company\/o-c-s-estrategia-ambiental"]},{"@type":"Person","@id":"https:\/\/oicos.cat\/#\/schema\/person\/7771ffecac4bf02302579fb7072bd6dc","name":"Josep Rosell","image":{"@type":"ImageObject","inLanguage":"es","@id":"https:\/\/secure.gravatar.com\/avatar\/d2170ac7b95934633830bb89d18b6f4632dba48c9a856e0c4f254e4b613eca18?s=96&d=mm&r=g","url":"https:\/\/secure.gravatar.com\/avatar\/d2170ac7b95934633830bb89d18b6f4632dba48c9a856e0c4f254e4b613eca18?s=96&d=mm&r=g","contentUrl":"https:\/\/secure.gravatar.com\/avatar\/d2170ac7b95934633830bb89d18b6f4632dba48c9a856e0c4f254e4b613eca18?s=96&d=mm&r=g","caption":"Josep Rosell"},"sameAs":["http:\/\/oicos.cat"]}]}},"_links":{"self":[{"href":"https:\/\/oicos.cat\/es\/wp-json\/wp\/v2\/posts\/5036","targetHints":{"allow":["GET"]}}],"collection":[{"href":"https:\/\/oicos.cat\/es\/wp-json\/wp\/v2\/posts"}],"about":[{"href":"https:\/\/oicos.cat\/es\/wp-json\/wp\/v2\/types\/post"}],"author":[{"embeddable":true,"href":"https:\/\/oicos.cat\/es\/wp-json\/wp\/v2\/users\/2"}],"replies":[{"embeddable":true,"href":"https:\/\/oicos.cat\/es\/wp-json\/wp\/v2\/comments?post=5036"}],"version-history":[{"count":1,"href":"https:\/\/oicos.cat\/es\/wp-json\/wp\/v2\/posts\/5036\/revisions"}],"predecessor-version":[{"id":5037,"href":"https:\/\/oicos.cat\/es\/wp-json\/wp\/v2\/posts\/5036\/revisions\/5037"}],"wp:featuredmedia":[{"embeddable":true,"href":"https:\/\/oicos.cat\/es\/wp-json\/wp\/v2\/media\/5034"}],"wp:attachment":[{"href":"https:\/\/oicos.cat\/es\/wp-json\/wp\/v2\/media?parent=5036"}],"wp:term":[{"taxonomy":"category","embeddable":true,"href":"https:\/\/oicos.cat\/es\/wp-json\/wp\/v2\/categories?post=5036"},{"taxonomy":"post_tag","embeddable":true,"href":"https:\/\/oicos.cat\/es\/wp-json\/wp\/v2\/tags?post=5036"}],"curies":[{"name":"wp","href":"https:\/\/api.w.org\/{rel}","templated":true}]}}