{"id":4257,"date":"2020-05-26T16:15:16","date_gmt":"2020-05-26T15:15:16","guid":{"rendered":"https:\/\/oicos.cat\/ajuts-a-industries-per-projectes-de-prevencio-preparacio-per-a-la-reutilitzacio-i-reciclatge-de-residus-2020\/"},"modified":"2020-06-06T11:05:29","modified_gmt":"2020-06-06T10:05:29","slug":"ajuts-a-industries-per-projectes-de-prevencio-preparacio-per-a-la-reutilitzacio-i-reciclatge-de-residus-2020","status":"publish","type":"post","link":"https:\/\/oicos.cat\/es\/ajuts-a-industries-per-projectes-de-prevencio-preparacio-per-a-la-reutilitzacio-i-reciclatge-de-residus-2020\/","title":{"rendered":"Ayudas a industrias para proyectos de prevenci\u00f3n, preparaci\u00f3n para la reutilizaci\u00f3n y reciclaje de residuos 2020"},"content":{"rendered":"\n<p>La <a href=\"http:\/\/residus.gencat.cat\/es\/\">Agencia de Residuos de Catalu\u00f1a<\/a> abre, mediante la <a href=\"http:\/\/residus.gencat.cat\/web\/.content\/home\/consultes_i_tramits_-_nou\/subvencions\/subvencions_empreses_entitats\/ajuts_prev_ri\/resol_TES_826_2020_es.pdf\">resoluci\u00f3n TES \/ 826\/2020<\/a>, la l\u00ednea de ayudas para.<\/p>\n\n\n\n<ul class=\"wp-block-list\"><li>Proyectos de prevenci\u00f3n, de preparaci\u00f3n para la reutilizaci\u00f3n y de reciclaje de residuos industriales,<\/li><li>Proyectos de investigaci\u00f3n industrial y desarrollo experimental aplicados al campo de la prevenci\u00f3n, de la preparaci\u00f3n para la reutilizaci\u00f3n y del reciclaje de residuos industriales.<\/li><\/ul>\n\n\n\n<p>Se pueden beneficiar empresas y agrupaciones de empresas con establecimiento operativo en Catalu\u00f1a, con una intensidad de la <strong>ayuda de hasta el 50%<\/strong> en el caso de PYMEs, con un <strong>importe m\u00e1ximo por beneficiario de 120.000 \u20ac.<\/strong> El presupuesto global es de <strong>2M\u20ac<\/strong><\/p>\n\n\n\n<p>Este a\u00f1o se sigue abriendo la posibilidad de actuaciones en que se <strong>reduzca el volumen de residuos<\/strong> para procesos de <strong>extracci\u00f3n del agua contenida<\/strong> (dentro proyectos de clase A1 o A2), as\u00ed como la preparaci\u00f3n de material para hacer <strong>valorizaci\u00f3n energ\u00e9tica.<\/strong><\/p>\n\n\n\n<p>Con un plazo de ejecuci\u00f3n de <strong>3 a\u00f1os<\/strong>, se subvencionan las siguientes l\u00edneas:<\/p>\n\n\n\n<p><strong>Clase A: Proyectos de prevenci\u00f3n, de preparaci\u00f3n para la reutilizaci\u00f3n y de reciclaje de residuos industriales<\/strong>. Modificaci\u00f3n de los procesos productivos y aplicaci\u00f3n de las mejores tecnolog\u00edas disponibles que tengan por objeto:<\/p>\n\n\n\n<p><\/p>\n\n\n\n<ul class=\"wp-block-list\"><li>A1. La prevenci\u00f3n de los residuos en el propio proceso productivo.<\/li><li>A2. La preparaci\u00f3n para la reutilizaci\u00f3n, el reciclaje de los residuos generados por la finalidad original o la econom\u00eda general y la separaci\u00f3n eficiente de los residuos que permita su valorizaci\u00f3n posterior.<\/li><li>A3. La modificaci\u00f3n de procesos para poder admitir materiales reciclados como materia prima del proceso.<\/li><\/ul>\n\n\n\n<p><strong>Clase B: Proyectos de investigaci\u00f3n industrial<\/strong> y de desarrollo aplicados en el campo de la prevenci\u00f3n, de la preparaci\u00f3n para la reutilizaci\u00f3n y del reciclaje de residuos industriales. Los proyectos de investigaci\u00f3n y desarrollo (I + D) pueden incluir la investigaci\u00f3n industrial y el desarrollo experimental:<\/p>\n\n\n\n<ul class=\"wp-block-list\"><li>B1. Proyectos de I + D para la prevenci\u00f3n de residuos y el reciclaje en origen de los residuos industriales, y para el dise\u00f1o y la implantaci\u00f3n de tecnolog\u00edas m\u00e1s limpias en los procesos de fabricaci\u00f3n.<\/li><li>B2. Proyectos de I + D de dise\u00f1o de prototipos y proyectos piloto o ensayos experimentales para la mejora de los procesos productivos.<\/li><li>B3. Proyectos de I + D en los procesos de fabricaci\u00f3n para sustituir materias primas con residuos y \/ o materiales reciclados, o para la b\u00fasqueda de residuos y \/ o materiales reciclados que puedan convertirse en materias primas del proceso<\/li><\/ul>\n\n\n\n<p>Desde OICOS podemos asesoraros en su proyecto y realizar la tramitaci\u00f3n de esta subvenci\u00f3n. Somos expertos en mejora de la gesti\u00f3n de residuos industriales y asesores acreditados en econom\u00eda circular.<\/p>\n\n\n\n<p>Plazo de presentaci\u00f3n:\u00a0<strong>21\/07\/2020 (o 1 mes despu\u00e9s de finalizar estado de alarma)<\/strong><\/p>\n","protected":false},"excerpt":{"rendered":"<p>La Agencia de Residuos de Catalu\u00f1a abre, mediante la resoluci\u00f3n TES \/ 826\/2020, la l\u00ednea de ayudas para. Proyectos de prevenci\u00f3n, de preparaci\u00f3n para la reutilizaci\u00f3n<span class=\"excerpt-hellip\"> [\u2026]<\/span><\/p>\n","protected":false},"author":2,"featured_media":4238,"comment_status":"open","ping_status":"open","sticky":false,"template":"","format":"standard","meta":{"footnotes":""},"categories":[31],"tags":[249,250,251,252,167,253],"class_list":["post-4257","post","type-post","status-publish","format-standard","has-post-thumbnail","hentry","category-ayudas","tag-ajudes-es","tag-economiacircular-es","tag-industrials-es","tag-reciclatge-es","tag-residus-2","tag-reutilitzacio-es"],"yoast_head":"<!-- This site is optimized with the Yoast SEO plugin v27.4 - https:\/\/yoast.com\/product\/yoast-seo-wordpress\/ -->\n<title>Ayudas a industrias para proyectos de prevenci\u00f3n, preparaci\u00f3n para la reutilizaci\u00f3n y reciclaje de residuos 2020 - O\u00eecos<\/title>\n<meta name=\"robots\" content=\"index, follow, max-snippet:-1, max-image-preview:large, max-video-preview:-1\" \/>\n<link rel=\"canonical\" href=\"https:\/\/oicos.cat\/es\/ajuts-a-industries-per-projectes-de-prevencio-preparacio-per-a-la-reutilitzacio-i-reciclatge-de-residus-2020\/\" \/>\n<meta property=\"og:locale\" content=\"es_ES\" \/>\n<meta property=\"og:type\" content=\"article\" \/>\n<meta property=\"og:title\" content=\"Ayudas a industrias para proyectos de prevenci\u00f3n, preparaci\u00f3n para la reutilizaci\u00f3n y reciclaje de residuos 2020 - O\u00eecos\" \/>\n<meta property=\"og:description\" content=\"La Agencia de Residuos de Catalu\u00f1a abre, mediante la resoluci\u00f3n TES \/ 826\/2020, la l\u00ednea de ayudas para. Proyectos de prevenci\u00f3n, de preparaci\u00f3n para la reutilizaci\u00f3n [\u2026]\" \/>\n<meta property=\"og:url\" content=\"https:\/\/oicos.cat\/es\/ajuts-a-industries-per-projectes-de-prevencio-preparacio-per-a-la-reutilitzacio-i-reciclatge-de-residus-2020\/\" \/>\n<meta property=\"og:site_name\" content=\"O\u00eecos\" \/>\n<meta property=\"article:publisher\" content=\"https:\/\/www.facebook.com\/OicosEstrategiaAmbiental\" \/>\n<meta property=\"article:published_time\" content=\"2020-05-26T15:15:16+00:00\" \/>\n<meta property=\"article:modified_time\" content=\"2020-06-06T10:05:29+00:00\" \/>\n<meta property=\"og:image\" content=\"https:\/\/oicos.cat\/wp-content\/uploads\/2020\/05\/lacey-williams-Jwh_k0K_QOM-unsplash.jpg\" \/>\n\t<meta property=\"og:image:width\" content=\"2560\" \/>\n\t<meta property=\"og:image:height\" content=\"1488\" \/>\n\t<meta property=\"og:image:type\" content=\"image\/jpeg\" \/>\n<meta name=\"author\" content=\"Josep Rosell\" \/>\n<meta name=\"twitter:card\" content=\"summary_large_image\" \/>\n<meta name=\"twitter:label1\" content=\"Escrito por\" \/>\n\t<meta name=\"twitter:data1\" content=\"Josep Rosell\" \/>\n\t<meta name=\"twitter:label2\" content=\"Tiempo de lectura\" \/>\n\t<meta name=\"twitter:data2\" content=\"2 minutos\" \/>\n<script type=\"application\/ld+json\" class=\"yoast-schema-graph\">{\"@context\":\"https:\\\/\\\/schema.org\",\"@graph\":[{\"@type\":\"Article\",\"@id\":\"https:\\\/\\\/oicos.cat\\\/es\\\/ajuts-a-industries-per-projectes-de-prevencio-preparacio-per-a-la-reutilitzacio-i-reciclatge-de-residus-2020\\\/#article\",\"isPartOf\":{\"@id\":\"https:\\\/\\\/oicos.cat\\\/es\\\/ajuts-a-industries-per-projectes-de-prevencio-preparacio-per-a-la-reutilitzacio-i-reciclatge-de-residus-2020\\\/\"},\"author\":{\"name\":\"Josep Rosell\",\"@id\":\"https:\\\/\\\/oicos.cat\\\/#\\\/schema\\\/person\\\/7771ffecac4bf02302579fb7072bd6dc\"},\"headline\":\"Ayudas a industrias para proyectos de prevenci\u00f3n, preparaci\u00f3n para la reutilizaci\u00f3n y reciclaje de residuos 2020\",\"datePublished\":\"2020-05-26T15:15:16+00:00\",\"dateModified\":\"2020-06-06T10:05:29+00:00\",\"mainEntityOfPage\":{\"@id\":\"https:\\\/\\\/oicos.cat\\\/es\\\/ajuts-a-industries-per-projectes-de-prevencio-preparacio-per-a-la-reutilitzacio-i-reciclatge-de-residus-2020\\\/\"},\"wordCount\":491,\"commentCount\":0,\"publisher\":{\"@id\":\"https:\\\/\\\/oicos.cat\\\/#organization\"},\"image\":{\"@id\":\"https:\\\/\\\/oicos.cat\\\/es\\\/ajuts-a-industries-per-projectes-de-prevencio-preparacio-per-a-la-reutilitzacio-i-reciclatge-de-residus-2020\\\/#primaryimage\"},\"thumbnailUrl\":\"https:\\\/\\\/oicos.cat\\\/wp-content\\\/uploads\\\/2020\\\/05\\\/lacey-williams-Jwh_k0K_QOM-unsplash.jpg\",\"keywords\":[\"ajudes\",\"economiacircular\",\"industrials\",\"reciclatge\",\"residus\",\"reutilitzaci\u00f3\"],\"articleSection\":[\"Ayudas\"],\"inLanguage\":\"es\",\"potentialAction\":[{\"@type\":\"CommentAction\",\"name\":\"Comment\",\"target\":[\"https:\\\/\\\/oicos.cat\\\/es\\\/ajuts-a-industries-per-projectes-de-prevencio-preparacio-per-a-la-reutilitzacio-i-reciclatge-de-residus-2020\\\/#respond\"]}]},{\"@type\":\"WebPage\",\"@id\":\"https:\\\/\\\/oicos.cat\\\/es\\\/ajuts-a-industries-per-projectes-de-prevencio-preparacio-per-a-la-reutilitzacio-i-reciclatge-de-residus-2020\\\/\",\"url\":\"https:\\\/\\\/oicos.cat\\\/es\\\/ajuts-a-industries-per-projectes-de-prevencio-preparacio-per-a-la-reutilitzacio-i-reciclatge-de-residus-2020\\\/\",\"name\":\"Ayudas a industrias para proyectos de prevenci\u00f3n, preparaci\u00f3n para la reutilizaci\u00f3n y reciclaje de residuos 2020 - O\u00eecos\",\"isPartOf\":{\"@id\":\"https:\\\/\\\/oicos.cat\\\/#website\"},\"primaryImageOfPage\":{\"@id\":\"https:\\\/\\\/oicos.cat\\\/es\\\/ajuts-a-industries-per-projectes-de-prevencio-preparacio-per-a-la-reutilitzacio-i-reciclatge-de-residus-2020\\\/#primaryimage\"},\"image\":{\"@id\":\"https:\\\/\\\/oicos.cat\\\/es\\\/ajuts-a-industries-per-projectes-de-prevencio-preparacio-per-a-la-reutilitzacio-i-reciclatge-de-residus-2020\\\/#primaryimage\"},\"thumbnailUrl\":\"https:\\\/\\\/oicos.cat\\\/wp-content\\\/uploads\\\/2020\\\/05\\\/lacey-williams-Jwh_k0K_QOM-unsplash.jpg\",\"datePublished\":\"2020-05-26T15:15:16+00:00\",\"dateModified\":\"2020-06-06T10:05:29+00:00\",\"breadcrumb\":{\"@id\":\"https:\\\/\\\/oicos.cat\\\/es\\\/ajuts-a-industries-per-projectes-de-prevencio-preparacio-per-a-la-reutilitzacio-i-reciclatge-de-residus-2020\\\/#breadcrumb\"},\"inLanguage\":\"es\",\"potentialAction\":[{\"@type\":\"ReadAction\",\"target\":[\"https:\\\/\\\/oicos.cat\\\/es\\\/ajuts-a-industries-per-projectes-de-prevencio-preparacio-per-a-la-reutilitzacio-i-reciclatge-de-residus-2020\\\/\"]}]},{\"@type\":\"ImageObject\",\"inLanguage\":\"es\",\"@id\":\"https:\\\/\\\/oicos.cat\\\/es\\\/ajuts-a-industries-per-projectes-de-prevencio-preparacio-per-a-la-reutilitzacio-i-reciclatge-de-residus-2020\\\/#primaryimage\",\"url\":\"https:\\\/\\\/oicos.cat\\\/wp-content\\\/uploads\\\/2020\\\/05\\\/lacey-williams-Jwh_k0K_QOM-unsplash.jpg\",\"contentUrl\":\"https:\\\/\\\/oicos.cat\\\/wp-content\\\/uploads\\\/2020\\\/05\\\/lacey-williams-Jwh_k0K_QOM-unsplash.jpg\",\"width\":2560,\"height\":1488,\"caption\":\"Photo by Lacey Williams on Unsplash\"},{\"@type\":\"BreadcrumbList\",\"@id\":\"https:\\\/\\\/oicos.cat\\\/es\\\/ajuts-a-industries-per-projectes-de-prevencio-preparacio-per-a-la-reutilitzacio-i-reciclatge-de-residus-2020\\\/#breadcrumb\",\"itemListElement\":[{\"@type\":\"ListItem\",\"position\":1,\"name\":\"Inicio\",\"item\":\"https:\\\/\\\/oicos.cat\\\/es\\\/\"},{\"@type\":\"ListItem\",\"position\":2,\"name\":\"Ayudas a industrias para proyectos de prevenci\u00f3n, preparaci\u00f3n para la reutilizaci\u00f3n y reciclaje de residuos 2020\"}]},{\"@type\":\"WebSite\",\"@id\":\"https:\\\/\\\/oicos.cat\\\/#website\",\"url\":\"https:\\\/\\\/oicos.cat\\\/\",\"name\":\"O\u00eecos\",\"description\":\"Avan\u00e7ant cap a l&#039;economia verda i circular | O\u00ceCOS Estrategia Ambiental\",\"publisher\":{\"@id\":\"https:\\\/\\\/oicos.cat\\\/#organization\"},\"potentialAction\":[{\"@type\":\"SearchAction\",\"target\":{\"@type\":\"EntryPoint\",\"urlTemplate\":\"https:\\\/\\\/oicos.cat\\\/?s={search_term_string}\"},\"query-input\":{\"@type\":\"PropertyValueSpecification\",\"valueRequired\":true,\"valueName\":\"search_term_string\"}}],\"inLanguage\":\"es\"},{\"@type\":\"Organization\",\"@id\":\"https:\\\/\\\/oicos.cat\\\/#organization\",\"name\":\"Oicos Estrat\u00e8gia Ambiental, S.C.P\",\"url\":\"https:\\\/\\\/oicos.cat\\\/\",\"logo\":{\"@type\":\"ImageObject\",\"inLanguage\":\"es\",\"@id\":\"https:\\\/\\\/oicos.cat\\\/#\\\/schema\\\/logo\\\/image\\\/\",\"url\":\"https:\\\/\\\/oicos.cat\\\/wp-content\\\/uploads\\\/2018\\\/03\\\/logo-oicos-01.jpg\",\"contentUrl\":\"https:\\\/\\\/oicos.cat\\\/wp-content\\\/uploads\\\/2018\\\/03\\\/logo-oicos-01.jpg\",\"width\":1000,\"height\":600,\"caption\":\"Oicos Estrat\u00e8gia Ambiental, S.C.P\"},\"image\":{\"@id\":\"https:\\\/\\\/oicos.cat\\\/#\\\/schema\\\/logo\\\/image\\\/\"},\"sameAs\":[\"https:\\\/\\\/www.facebook.com\\\/OicosEstrategiaAmbiental\",\"https:\\\/\\\/www.linkedin.com\\\/company\\\/o-c-s-estrategia-ambiental\"]},{\"@type\":\"Person\",\"@id\":\"https:\\\/\\\/oicos.cat\\\/#\\\/schema\\\/person\\\/7771ffecac4bf02302579fb7072bd6dc\",\"name\":\"Josep Rosell\",\"image\":{\"@type\":\"ImageObject\",\"inLanguage\":\"es\",\"@id\":\"https:\\\/\\\/secure.gravatar.com\\\/avatar\\\/d2170ac7b95934633830bb89d18b6f4632dba48c9a856e0c4f254e4b613eca18?s=96&d=mm&r=g\",\"url\":\"https:\\\/\\\/secure.gravatar.com\\\/avatar\\\/d2170ac7b95934633830bb89d18b6f4632dba48c9a856e0c4f254e4b613eca18?s=96&d=mm&r=g\",\"contentUrl\":\"https:\\\/\\\/secure.gravatar.com\\\/avatar\\\/d2170ac7b95934633830bb89d18b6f4632dba48c9a856e0c4f254e4b613eca18?s=96&d=mm&r=g\",\"caption\":\"Josep Rosell\"},\"sameAs\":[\"http:\\\/\\\/oicos.cat\"]}]}<\/script>\n<!-- \/ Yoast SEO plugin. -->","yoast_head_json":{"title":"Ayudas a industrias para proyectos de prevenci\u00f3n, preparaci\u00f3n para la reutilizaci\u00f3n y reciclaje de residuos 2020 - O\u00eecos","robots":{"index":"index","follow":"follow","max-snippet":"max-snippet:-1","max-image-preview":"max-image-preview:large","max-video-preview":"max-video-preview:-1"},"canonical":"https:\/\/oicos.cat\/es\/ajuts-a-industries-per-projectes-de-prevencio-preparacio-per-a-la-reutilitzacio-i-reciclatge-de-residus-2020\/","og_locale":"es_ES","og_type":"article","og_title":"Ayudas a industrias para proyectos de prevenci\u00f3n, preparaci\u00f3n para la reutilizaci\u00f3n y reciclaje de residuos 2020 - O\u00eecos","og_description":"La Agencia de Residuos de Catalu\u00f1a abre, mediante la resoluci\u00f3n TES \/ 826\/2020, la l\u00ednea de ayudas para. Proyectos de prevenci\u00f3n, de preparaci\u00f3n para la reutilizaci\u00f3n [\u2026]","og_url":"https:\/\/oicos.cat\/es\/ajuts-a-industries-per-projectes-de-prevencio-preparacio-per-a-la-reutilitzacio-i-reciclatge-de-residus-2020\/","og_site_name":"O\u00eecos","article_publisher":"https:\/\/www.facebook.com\/OicosEstrategiaAmbiental","article_published_time":"2020-05-26T15:15:16+00:00","article_modified_time":"2020-06-06T10:05:29+00:00","og_image":[{"width":2560,"height":1488,"url":"https:\/\/oicos.cat\/wp-content\/uploads\/2020\/05\/lacey-williams-Jwh_k0K_QOM-unsplash.jpg","type":"image\/jpeg"}],"author":"Josep Rosell","twitter_card":"summary_large_image","twitter_misc":{"Escrito por":"Josep Rosell","Tiempo de lectura":"2 minutos"},"schema":{"@context":"https:\/\/schema.org","@graph":[{"@type":"Article","@id":"https:\/\/oicos.cat\/es\/ajuts-a-industries-per-projectes-de-prevencio-preparacio-per-a-la-reutilitzacio-i-reciclatge-de-residus-2020\/#article","isPartOf":{"@id":"https:\/\/oicos.cat\/es\/ajuts-a-industries-per-projectes-de-prevencio-preparacio-per-a-la-reutilitzacio-i-reciclatge-de-residus-2020\/"},"author":{"name":"Josep Rosell","@id":"https:\/\/oicos.cat\/#\/schema\/person\/7771ffecac4bf02302579fb7072bd6dc"},"headline":"Ayudas a industrias para proyectos de prevenci\u00f3n, preparaci\u00f3n para la reutilizaci\u00f3n y reciclaje de residuos 2020","datePublished":"2020-05-26T15:15:16+00:00","dateModified":"2020-06-06T10:05:29+00:00","mainEntityOfPage":{"@id":"https:\/\/oicos.cat\/es\/ajuts-a-industries-per-projectes-de-prevencio-preparacio-per-a-la-reutilitzacio-i-reciclatge-de-residus-2020\/"},"wordCount":491,"commentCount":0,"publisher":{"@id":"https:\/\/oicos.cat\/#organization"},"image":{"@id":"https:\/\/oicos.cat\/es\/ajuts-a-industries-per-projectes-de-prevencio-preparacio-per-a-la-reutilitzacio-i-reciclatge-de-residus-2020\/#primaryimage"},"thumbnailUrl":"https:\/\/oicos.cat\/wp-content\/uploads\/2020\/05\/lacey-williams-Jwh_k0K_QOM-unsplash.jpg","keywords":["ajudes","economiacircular","industrials","reciclatge","residus","reutilitzaci\u00f3"],"articleSection":["Ayudas"],"inLanguage":"es","potentialAction":[{"@type":"CommentAction","name":"Comment","target":["https:\/\/oicos.cat\/es\/ajuts-a-industries-per-projectes-de-prevencio-preparacio-per-a-la-reutilitzacio-i-reciclatge-de-residus-2020\/#respond"]}]},{"@type":"WebPage","@id":"https:\/\/oicos.cat\/es\/ajuts-a-industries-per-projectes-de-prevencio-preparacio-per-a-la-reutilitzacio-i-reciclatge-de-residus-2020\/","url":"https:\/\/oicos.cat\/es\/ajuts-a-industries-per-projectes-de-prevencio-preparacio-per-a-la-reutilitzacio-i-reciclatge-de-residus-2020\/","name":"Ayudas a industrias para proyectos de prevenci\u00f3n, preparaci\u00f3n para la reutilizaci\u00f3n y reciclaje de residuos 2020 - O\u00eecos","isPartOf":{"@id":"https:\/\/oicos.cat\/#website"},"primaryImageOfPage":{"@id":"https:\/\/oicos.cat\/es\/ajuts-a-industries-per-projectes-de-prevencio-preparacio-per-a-la-reutilitzacio-i-reciclatge-de-residus-2020\/#primaryimage"},"image":{"@id":"https:\/\/oicos.cat\/es\/ajuts-a-industries-per-projectes-de-prevencio-preparacio-per-a-la-reutilitzacio-i-reciclatge-de-residus-2020\/#primaryimage"},"thumbnailUrl":"https:\/\/oicos.cat\/wp-content\/uploads\/2020\/05\/lacey-williams-Jwh_k0K_QOM-unsplash.jpg","datePublished":"2020-05-26T15:15:16+00:00","dateModified":"2020-06-06T10:05:29+00:00","breadcrumb":{"@id":"https:\/\/oicos.cat\/es\/ajuts-a-industries-per-projectes-de-prevencio-preparacio-per-a-la-reutilitzacio-i-reciclatge-de-residus-2020\/#breadcrumb"},"inLanguage":"es","potentialAction":[{"@type":"ReadAction","target":["https:\/\/oicos.cat\/es\/ajuts-a-industries-per-projectes-de-prevencio-preparacio-per-a-la-reutilitzacio-i-reciclatge-de-residus-2020\/"]}]},{"@type":"ImageObject","inLanguage":"es","@id":"https:\/\/oicos.cat\/es\/ajuts-a-industries-per-projectes-de-prevencio-preparacio-per-a-la-reutilitzacio-i-reciclatge-de-residus-2020\/#primaryimage","url":"https:\/\/oicos.cat\/wp-content\/uploads\/2020\/05\/lacey-williams-Jwh_k0K_QOM-unsplash.jpg","contentUrl":"https:\/\/oicos.cat\/wp-content\/uploads\/2020\/05\/lacey-williams-Jwh_k0K_QOM-unsplash.jpg","width":2560,"height":1488,"caption":"Photo by Lacey Williams on Unsplash"},{"@type":"BreadcrumbList","@id":"https:\/\/oicos.cat\/es\/ajuts-a-industries-per-projectes-de-prevencio-preparacio-per-a-la-reutilitzacio-i-reciclatge-de-residus-2020\/#breadcrumb","itemListElement":[{"@type":"ListItem","position":1,"name":"Inicio","item":"https:\/\/oicos.cat\/es\/"},{"@type":"ListItem","position":2,"name":"Ayudas a industrias para proyectos de prevenci\u00f3n, preparaci\u00f3n para la reutilizaci\u00f3n y reciclaje de residuos 2020"}]},{"@type":"WebSite","@id":"https:\/\/oicos.cat\/#website","url":"https:\/\/oicos.cat\/","name":"O\u00eecos","description":"Avan\u00e7ant cap a l&#039;economia verda i circular | O\u00ceCOS Estrategia Ambiental","publisher":{"@id":"https:\/\/oicos.cat\/#organization"},"potentialAction":[{"@type":"SearchAction","target":{"@type":"EntryPoint","urlTemplate":"https:\/\/oicos.cat\/?s={search_term_string}"},"query-input":{"@type":"PropertyValueSpecification","valueRequired":true,"valueName":"search_term_string"}}],"inLanguage":"es"},{"@type":"Organization","@id":"https:\/\/oicos.cat\/#organization","name":"Oicos Estrat\u00e8gia Ambiental, S.C.P","url":"https:\/\/oicos.cat\/","logo":{"@type":"ImageObject","inLanguage":"es","@id":"https:\/\/oicos.cat\/#\/schema\/logo\/image\/","url":"https:\/\/oicos.cat\/wp-content\/uploads\/2018\/03\/logo-oicos-01.jpg","contentUrl":"https:\/\/oicos.cat\/wp-content\/uploads\/2018\/03\/logo-oicos-01.jpg","width":1000,"height":600,"caption":"Oicos Estrat\u00e8gia Ambiental, S.C.P"},"image":{"@id":"https:\/\/oicos.cat\/#\/schema\/logo\/image\/"},"sameAs":["https:\/\/www.facebook.com\/OicosEstrategiaAmbiental","https:\/\/www.linkedin.com\/company\/o-c-s-estrategia-ambiental"]},{"@type":"Person","@id":"https:\/\/oicos.cat\/#\/schema\/person\/7771ffecac4bf02302579fb7072bd6dc","name":"Josep Rosell","image":{"@type":"ImageObject","inLanguage":"es","@id":"https:\/\/secure.gravatar.com\/avatar\/d2170ac7b95934633830bb89d18b6f4632dba48c9a856e0c4f254e4b613eca18?s=96&d=mm&r=g","url":"https:\/\/secure.gravatar.com\/avatar\/d2170ac7b95934633830bb89d18b6f4632dba48c9a856e0c4f254e4b613eca18?s=96&d=mm&r=g","contentUrl":"https:\/\/secure.gravatar.com\/avatar\/d2170ac7b95934633830bb89d18b6f4632dba48c9a856e0c4f254e4b613eca18?s=96&d=mm&r=g","caption":"Josep Rosell"},"sameAs":["http:\/\/oicos.cat"]}]}},"_links":{"self":[{"href":"https:\/\/oicos.cat\/es\/wp-json\/wp\/v2\/posts\/4257","targetHints":{"allow":["GET"]}}],"collection":[{"href":"https:\/\/oicos.cat\/es\/wp-json\/wp\/v2\/posts"}],"about":[{"href":"https:\/\/oicos.cat\/es\/wp-json\/wp\/v2\/types\/post"}],"author":[{"embeddable":true,"href":"https:\/\/oicos.cat\/es\/wp-json\/wp\/v2\/users\/2"}],"replies":[{"embeddable":true,"href":"https:\/\/oicos.cat\/es\/wp-json\/wp\/v2\/comments?post=4257"}],"version-history":[{"count":0,"href":"https:\/\/oicos.cat\/es\/wp-json\/wp\/v2\/posts\/4257\/revisions"}],"wp:featuredmedia":[{"embeddable":true,"href":"https:\/\/oicos.cat\/es\/wp-json\/wp\/v2\/media\/4238"}],"wp:attachment":[{"href":"https:\/\/oicos.cat\/es\/wp-json\/wp\/v2\/media?parent=4257"}],"wp:term":[{"taxonomy":"category","embeddable":true,"href":"https:\/\/oicos.cat\/es\/wp-json\/wp\/v2\/categories?post=4257"},{"taxonomy":"post_tag","embeddable":true,"href":"https:\/\/oicos.cat\/es\/wp-json\/wp\/v2\/tags?post=4257"}],"curies":[{"name":"wp","href":"https:\/\/api.w.org\/{rel}","templated":true}]}}