{"id":3968,"date":"2019-12-04T16:09:37","date_gmt":"2019-12-04T15:09:37","guid":{"rendered":"https:\/\/oicos.cat\/?p=3968"},"modified":"2019-12-04T16:09:39","modified_gmt":"2019-12-04T15:09:39","slug":"programa-de-ayudas-por-actuaciones-de-eficiencia-energetica-en-empresas-del-sector-industrial","status":"publish","type":"post","link":"https:\/\/oicos.cat\/es\/programa-de-ayudas-por-actuaciones-de-eficiencia-energetica-en-empresas-del-sector-industrial\/","title":{"rendered":"Programa de ayudas por actuaciones de eficiencia energ\u00e9tica en empresas del sector industrial"},"content":{"rendered":"\n<p>El Consejo de Ministros, a propuesta del Ministerio para la Transici\u00f3n Ecol\u00f3gica, ha aprobado el Real Decreto 263\/2019, de 12 de abril, por el cual se regula el <a href=\"http:\/\/icaen.gencat.cat\/ca\/energia\/ajuts\/pime-i-industria\/idae-programa-dajuts-per-actuacions-deficiencia-energetica-en-pime-i-gran-empresa-del-sector-industrial-00001\">Programa de ayudas para actuaciones de eficiencia energ\u00e9tica en PYME y gran empresa del sector industrial<\/a>, dotado con 307 millones de euros y dirigido a incentivar la realizaci\u00f3n de actuaciones en el sector industrial que reduzcan las emisiones de di\u00f3xido de carbono y el consumo de energ\u00eda final.<\/p>\n\n\n\n<p>Se trata de ayudas directas que siguen la l\u00ednea otras ediciones de a\u00f1os anteriores por actuaciones enmarcadas en:<\/p>\n\n\n\n<ul class=\"wp-block-list\"><li>Actuaci\u00f3n 1:\u00a0 Mejora de la tecnolog\u00eda en equipos y procesos industriales. <\/li><li>Actuaci\u00f3n 2:\u00a0 Implantaci\u00f3n de sistemas de gesti\u00f3n energ\u00e9tica. \u00a0\u00a0\u00a0\u00a0 <\/li><\/ul>\n\n\n\n<p>El importe m\u00e1ximo de ayuda por proyectos, en\nuna misma ubicaci\u00f3n industrial ser\u00e1 de 9.000.000\u20ac.&nbsp; <\/p>\n\n\n\n<p>Pueden optar al programa de ayudas las PYME o las grandes empresas del sector industrial con un CNAE 2009 del 07 al 11, del 13 al 33 y del 35 al 39; y las empresas de servicios energ\u00e9ticos, contratada por planta industrial. Se puede consultar informaci\u00f3n m\u00e1s detallada en el siguiente <a href=\"http:\/\/icaen.gencat.cat\/ca\/energia\/ajuts\/pime-i-industria\/idae-programa-dajuts-per-actuacions-deficiencia-energetica-en-pime-i-gran-empresa-del-sector-industrial-00001\/preguntes-frequeents\/\">enlace <\/a><\/p>\n\n\n\n<p>El plazo de presentaci\u00f3n de las solicitudes\nfinaliza cuando se agote el presupuesto disponible (48.087.742 \u20ac), o como\nm\u00e1ximo el d\u00eda 31 de diciembre de 2020.<\/p>\n\n\n\n<p>Se trata de una l\u00ednea altamente interesante si\nse quieren realizar inversiones en equipos o sistemas de control que permitan\nun ahorro de energ\u00eda.<\/p>\n\n\n\n<p>Desde <a href=\"https:\/\/oicos.cat\/es\/ingenieria-y-consultoria-ambiental\/\">O\u00ceCOS<\/a>\u00a0 hemos tramitado y obtenido numerosas ayudas para nuestros clientes. Contactad con nosotros y os ayudaremos a detectar oportunidades y a desarrollar vuestras ideas.<\/p>\n","protected":false},"excerpt":{"rendered":"<p>El Consejo de Ministros, a propuesta del Ministerio para la Transici\u00f3n Ecol\u00f3gica, ha aprobado el Real Decreto 263\/2019, de 12 de abril, por el cual se<span class=\"excerpt-hellip\"> [\u2026]<\/span><\/p>\n","protected":false},"author":2,"featured_media":3965,"comment_status":"open","ping_status":"open","sticky":false,"template":"","format":"standard","meta":{"footnotes":""},"categories":[31,27],"tags":[112,98,109,110,108,36,111],"class_list":["post-3968","post","type-post","status-publish","format-standard","has-post-thumbnail","hentry","category-ayudas","category-noticias","tag-ahorro","tag-auditoria","tag-bages","tag-consultoria","tag-eficiencia","tag-energia","tag-ingenieria"],"yoast_head":"<!-- This site is optimized with the Yoast SEO plugin v27.4 - https:\/\/yoast.com\/product\/yoast-seo-wordpress\/ -->\n<title>Programa de ayudas por actuaciones de eficiencia energ\u00e9tica en empresas del sector industrial - O\u00eecos<\/title>\n<meta name=\"robots\" content=\"index, follow, max-snippet:-1, max-image-preview:large, max-video-preview:-1\" \/>\n<link rel=\"canonical\" href=\"https:\/\/oicos.cat\/es\/programa-de-ayudas-por-actuaciones-de-eficiencia-energetica-en-empresas-del-sector-industrial\/\" \/>\n<meta property=\"og:locale\" content=\"es_ES\" \/>\n<meta property=\"og:type\" content=\"article\" \/>\n<meta property=\"og:title\" content=\"Programa de ayudas por actuaciones de eficiencia energ\u00e9tica en empresas del sector industrial - O\u00eecos\" \/>\n<meta property=\"og:description\" content=\"El Consejo de Ministros, a propuesta del Ministerio para la Transici\u00f3n Ecol\u00f3gica, ha aprobado el Real Decreto 263\/2019, de 12 de abril, por el cual se [\u2026]\" \/>\n<meta property=\"og:url\" content=\"https:\/\/oicos.cat\/es\/programa-de-ayudas-por-actuaciones-de-eficiencia-energetica-en-empresas-del-sector-industrial\/\" \/>\n<meta property=\"og:site_name\" content=\"O\u00eecos\" \/>\n<meta property=\"article:publisher\" content=\"https:\/\/www.facebook.com\/OicosEstrategiaAmbiental\" \/>\n<meta property=\"article:published_time\" content=\"2019-12-04T15:09:37+00:00\" \/>\n<meta property=\"article:modified_time\" content=\"2019-12-04T15:09:39+00:00\" \/>\n<meta property=\"og:image\" content=\"https:\/\/oicos.cat\/wp-content\/uploads\/2019\/12\/crystal-kwok-XUEdfpPIhXg-unsplash-1024x683.jpg\" \/>\n\t<meta property=\"og:image:width\" content=\"1024\" \/>\n\t<meta property=\"og:image:height\" content=\"683\" \/>\n\t<meta property=\"og:image:type\" content=\"image\/jpeg\" \/>\n<meta name=\"author\" content=\"Josep Rosell\" \/>\n<meta name=\"twitter:card\" content=\"summary_large_image\" \/>\n<meta name=\"twitter:label1\" content=\"Escrito por\" \/>\n\t<meta name=\"twitter:data1\" content=\"Josep Rosell\" \/>\n\t<meta name=\"twitter:label2\" content=\"Tiempo de lectura\" \/>\n\t<meta name=\"twitter:data2\" content=\"1 minuto\" \/>\n<script type=\"application\/ld+json\" class=\"yoast-schema-graph\">{\"@context\":\"https:\\\/\\\/schema.org\",\"@graph\":[{\"@type\":\"Article\",\"@id\":\"https:\\\/\\\/oicos.cat\\\/es\\\/programa-de-ayudas-por-actuaciones-de-eficiencia-energetica-en-empresas-del-sector-industrial\\\/#article\",\"isPartOf\":{\"@id\":\"https:\\\/\\\/oicos.cat\\\/es\\\/programa-de-ayudas-por-actuaciones-de-eficiencia-energetica-en-empresas-del-sector-industrial\\\/\"},\"author\":{\"name\":\"Josep Rosell\",\"@id\":\"https:\\\/\\\/oicos.cat\\\/#\\\/schema\\\/person\\\/7771ffecac4bf02302579fb7072bd6dc\"},\"headline\":\"Programa de ayudas por actuaciones de eficiencia energ\u00e9tica en empresas del sector industrial\",\"datePublished\":\"2019-12-04T15:09:37+00:00\",\"dateModified\":\"2019-12-04T15:09:39+00:00\",\"mainEntityOfPage\":{\"@id\":\"https:\\\/\\\/oicos.cat\\\/es\\\/programa-de-ayudas-por-actuaciones-de-eficiencia-energetica-en-empresas-del-sector-industrial\\\/\"},\"wordCount\":278,\"commentCount\":0,\"publisher\":{\"@id\":\"https:\\\/\\\/oicos.cat\\\/#organization\"},\"image\":{\"@id\":\"https:\\\/\\\/oicos.cat\\\/es\\\/programa-de-ayudas-por-actuaciones-de-eficiencia-energetica-en-empresas-del-sector-industrial\\\/#primaryimage\"},\"thumbnailUrl\":\"https:\\\/\\\/oicos.cat\\\/wp-content\\\/uploads\\\/2019\\\/12\\\/crystal-kwok-XUEdfpPIhXg-unsplash.jpg\",\"keywords\":[\"ahorro\",\"auditor\u00eda\",\"Bages\",\"consultor\u00eda\",\"eficiencia\",\"Energ\u00eda\",\"ingenier\u00eda\"],\"articleSection\":[\"Ayudas\",\"Not\u00edcias\"],\"inLanguage\":\"es\",\"potentialAction\":[{\"@type\":\"CommentAction\",\"name\":\"Comment\",\"target\":[\"https:\\\/\\\/oicos.cat\\\/es\\\/programa-de-ayudas-por-actuaciones-de-eficiencia-energetica-en-empresas-del-sector-industrial\\\/#respond\"]}]},{\"@type\":\"WebPage\",\"@id\":\"https:\\\/\\\/oicos.cat\\\/es\\\/programa-de-ayudas-por-actuaciones-de-eficiencia-energetica-en-empresas-del-sector-industrial\\\/\",\"url\":\"https:\\\/\\\/oicos.cat\\\/es\\\/programa-de-ayudas-por-actuaciones-de-eficiencia-energetica-en-empresas-del-sector-industrial\\\/\",\"name\":\"Programa de ayudas por actuaciones de eficiencia energ\u00e9tica en empresas del sector industrial - O\u00eecos\",\"isPartOf\":{\"@id\":\"https:\\\/\\\/oicos.cat\\\/#website\"},\"primaryImageOfPage\":{\"@id\":\"https:\\\/\\\/oicos.cat\\\/es\\\/programa-de-ayudas-por-actuaciones-de-eficiencia-energetica-en-empresas-del-sector-industrial\\\/#primaryimage\"},\"image\":{\"@id\":\"https:\\\/\\\/oicos.cat\\\/es\\\/programa-de-ayudas-por-actuaciones-de-eficiencia-energetica-en-empresas-del-sector-industrial\\\/#primaryimage\"},\"thumbnailUrl\":\"https:\\\/\\\/oicos.cat\\\/wp-content\\\/uploads\\\/2019\\\/12\\\/crystal-kwok-XUEdfpPIhXg-unsplash.jpg\",\"datePublished\":\"2019-12-04T15:09:37+00:00\",\"dateModified\":\"2019-12-04T15:09:39+00:00\",\"breadcrumb\":{\"@id\":\"https:\\\/\\\/oicos.cat\\\/es\\\/programa-de-ayudas-por-actuaciones-de-eficiencia-energetica-en-empresas-del-sector-industrial\\\/#breadcrumb\"},\"inLanguage\":\"es\",\"potentialAction\":[{\"@type\":\"ReadAction\",\"target\":[\"https:\\\/\\\/oicos.cat\\\/es\\\/programa-de-ayudas-por-actuaciones-de-eficiencia-energetica-en-empresas-del-sector-industrial\\\/\"]}]},{\"@type\":\"ImageObject\",\"inLanguage\":\"es\",\"@id\":\"https:\\\/\\\/oicos.cat\\\/es\\\/programa-de-ayudas-por-actuaciones-de-eficiencia-energetica-en-empresas-del-sector-industrial\\\/#primaryimage\",\"url\":\"https:\\\/\\\/oicos.cat\\\/wp-content\\\/uploads\\\/2019\\\/12\\\/crystal-kwok-XUEdfpPIhXg-unsplash.jpg\",\"contentUrl\":\"https:\\\/\\\/oicos.cat\\\/wp-content\\\/uploads\\\/2019\\\/12\\\/crystal-kwok-XUEdfpPIhXg-unsplash.jpg\",\"width\":2560,\"height\":1707,\"caption\":\"Photo by Crystal Kwok on Unsplash\"},{\"@type\":\"BreadcrumbList\",\"@id\":\"https:\\\/\\\/oicos.cat\\\/es\\\/programa-de-ayudas-por-actuaciones-de-eficiencia-energetica-en-empresas-del-sector-industrial\\\/#breadcrumb\",\"itemListElement\":[{\"@type\":\"ListItem\",\"position\":1,\"name\":\"Inicio\",\"item\":\"https:\\\/\\\/oicos.cat\\\/es\\\/\"},{\"@type\":\"ListItem\",\"position\":2,\"name\":\"Programa de ayudas por actuaciones de eficiencia energ\u00e9tica en empresas del sector industrial\"}]},{\"@type\":\"WebSite\",\"@id\":\"https:\\\/\\\/oicos.cat\\\/#website\",\"url\":\"https:\\\/\\\/oicos.cat\\\/\",\"name\":\"O\u00eecos\",\"description\":\"Avan\u00e7ant cap a l&#039;economia verda i circular | O\u00ceCOS Estrategia Ambiental\",\"publisher\":{\"@id\":\"https:\\\/\\\/oicos.cat\\\/#organization\"},\"potentialAction\":[{\"@type\":\"SearchAction\",\"target\":{\"@type\":\"EntryPoint\",\"urlTemplate\":\"https:\\\/\\\/oicos.cat\\\/?s={search_term_string}\"},\"query-input\":{\"@type\":\"PropertyValueSpecification\",\"valueRequired\":true,\"valueName\":\"search_term_string\"}}],\"inLanguage\":\"es\"},{\"@type\":\"Organization\",\"@id\":\"https:\\\/\\\/oicos.cat\\\/#organization\",\"name\":\"Oicos Estrat\u00e8gia Ambiental, S.C.P\",\"url\":\"https:\\\/\\\/oicos.cat\\\/\",\"logo\":{\"@type\":\"ImageObject\",\"inLanguage\":\"es\",\"@id\":\"https:\\\/\\\/oicos.cat\\\/#\\\/schema\\\/logo\\\/image\\\/\",\"url\":\"https:\\\/\\\/oicos.cat\\\/wp-content\\\/uploads\\\/2018\\\/03\\\/logo-oicos-01.jpg\",\"contentUrl\":\"https:\\\/\\\/oicos.cat\\\/wp-content\\\/uploads\\\/2018\\\/03\\\/logo-oicos-01.jpg\",\"width\":1000,\"height\":600,\"caption\":\"Oicos Estrat\u00e8gia Ambiental, S.C.P\"},\"image\":{\"@id\":\"https:\\\/\\\/oicos.cat\\\/#\\\/schema\\\/logo\\\/image\\\/\"},\"sameAs\":[\"https:\\\/\\\/www.facebook.com\\\/OicosEstrategiaAmbiental\",\"https:\\\/\\\/www.linkedin.com\\\/company\\\/o-c-s-estrategia-ambiental\"]},{\"@type\":\"Person\",\"@id\":\"https:\\\/\\\/oicos.cat\\\/#\\\/schema\\\/person\\\/7771ffecac4bf02302579fb7072bd6dc\",\"name\":\"Josep Rosell\",\"image\":{\"@type\":\"ImageObject\",\"inLanguage\":\"es\",\"@id\":\"https:\\\/\\\/secure.gravatar.com\\\/avatar\\\/d2170ac7b95934633830bb89d18b6f4632dba48c9a856e0c4f254e4b613eca18?s=96&d=mm&r=g\",\"url\":\"https:\\\/\\\/secure.gravatar.com\\\/avatar\\\/d2170ac7b95934633830bb89d18b6f4632dba48c9a856e0c4f254e4b613eca18?s=96&d=mm&r=g\",\"contentUrl\":\"https:\\\/\\\/secure.gravatar.com\\\/avatar\\\/d2170ac7b95934633830bb89d18b6f4632dba48c9a856e0c4f254e4b613eca18?s=96&d=mm&r=g\",\"caption\":\"Josep Rosell\"},\"sameAs\":[\"http:\\\/\\\/oicos.cat\"]}]}<\/script>\n<!-- \/ Yoast SEO plugin. -->","yoast_head_json":{"title":"Programa de ayudas por actuaciones de eficiencia energ\u00e9tica en empresas del sector industrial - O\u00eecos","robots":{"index":"index","follow":"follow","max-snippet":"max-snippet:-1","max-image-preview":"max-image-preview:large","max-video-preview":"max-video-preview:-1"},"canonical":"https:\/\/oicos.cat\/es\/programa-de-ayudas-por-actuaciones-de-eficiencia-energetica-en-empresas-del-sector-industrial\/","og_locale":"es_ES","og_type":"article","og_title":"Programa de ayudas por actuaciones de eficiencia energ\u00e9tica en empresas del sector industrial - O\u00eecos","og_description":"El Consejo de Ministros, a propuesta del Ministerio para la Transici\u00f3n Ecol\u00f3gica, ha aprobado el Real Decreto 263\/2019, de 12 de abril, por el cual se [\u2026]","og_url":"https:\/\/oicos.cat\/es\/programa-de-ayudas-por-actuaciones-de-eficiencia-energetica-en-empresas-del-sector-industrial\/","og_site_name":"O\u00eecos","article_publisher":"https:\/\/www.facebook.com\/OicosEstrategiaAmbiental","article_published_time":"2019-12-04T15:09:37+00:00","article_modified_time":"2019-12-04T15:09:39+00:00","og_image":[{"width":1024,"height":683,"url":"https:\/\/oicos.cat\/wp-content\/uploads\/2019\/12\/crystal-kwok-XUEdfpPIhXg-unsplash-1024x683.jpg","type":"image\/jpeg"}],"author":"Josep Rosell","twitter_card":"summary_large_image","twitter_misc":{"Escrito por":"Josep Rosell","Tiempo de lectura":"1 minuto"},"schema":{"@context":"https:\/\/schema.org","@graph":[{"@type":"Article","@id":"https:\/\/oicos.cat\/es\/programa-de-ayudas-por-actuaciones-de-eficiencia-energetica-en-empresas-del-sector-industrial\/#article","isPartOf":{"@id":"https:\/\/oicos.cat\/es\/programa-de-ayudas-por-actuaciones-de-eficiencia-energetica-en-empresas-del-sector-industrial\/"},"author":{"name":"Josep Rosell","@id":"https:\/\/oicos.cat\/#\/schema\/person\/7771ffecac4bf02302579fb7072bd6dc"},"headline":"Programa de ayudas por actuaciones de eficiencia energ\u00e9tica en empresas del sector industrial","datePublished":"2019-12-04T15:09:37+00:00","dateModified":"2019-12-04T15:09:39+00:00","mainEntityOfPage":{"@id":"https:\/\/oicos.cat\/es\/programa-de-ayudas-por-actuaciones-de-eficiencia-energetica-en-empresas-del-sector-industrial\/"},"wordCount":278,"commentCount":0,"publisher":{"@id":"https:\/\/oicos.cat\/#organization"},"image":{"@id":"https:\/\/oicos.cat\/es\/programa-de-ayudas-por-actuaciones-de-eficiencia-energetica-en-empresas-del-sector-industrial\/#primaryimage"},"thumbnailUrl":"https:\/\/oicos.cat\/wp-content\/uploads\/2019\/12\/crystal-kwok-XUEdfpPIhXg-unsplash.jpg","keywords":["ahorro","auditor\u00eda","Bages","consultor\u00eda","eficiencia","Energ\u00eda","ingenier\u00eda"],"articleSection":["Ayudas","Not\u00edcias"],"inLanguage":"es","potentialAction":[{"@type":"CommentAction","name":"Comment","target":["https:\/\/oicos.cat\/es\/programa-de-ayudas-por-actuaciones-de-eficiencia-energetica-en-empresas-del-sector-industrial\/#respond"]}]},{"@type":"WebPage","@id":"https:\/\/oicos.cat\/es\/programa-de-ayudas-por-actuaciones-de-eficiencia-energetica-en-empresas-del-sector-industrial\/","url":"https:\/\/oicos.cat\/es\/programa-de-ayudas-por-actuaciones-de-eficiencia-energetica-en-empresas-del-sector-industrial\/","name":"Programa de ayudas por actuaciones de eficiencia energ\u00e9tica en empresas del sector industrial - O\u00eecos","isPartOf":{"@id":"https:\/\/oicos.cat\/#website"},"primaryImageOfPage":{"@id":"https:\/\/oicos.cat\/es\/programa-de-ayudas-por-actuaciones-de-eficiencia-energetica-en-empresas-del-sector-industrial\/#primaryimage"},"image":{"@id":"https:\/\/oicos.cat\/es\/programa-de-ayudas-por-actuaciones-de-eficiencia-energetica-en-empresas-del-sector-industrial\/#primaryimage"},"thumbnailUrl":"https:\/\/oicos.cat\/wp-content\/uploads\/2019\/12\/crystal-kwok-XUEdfpPIhXg-unsplash.jpg","datePublished":"2019-12-04T15:09:37+00:00","dateModified":"2019-12-04T15:09:39+00:00","breadcrumb":{"@id":"https:\/\/oicos.cat\/es\/programa-de-ayudas-por-actuaciones-de-eficiencia-energetica-en-empresas-del-sector-industrial\/#breadcrumb"},"inLanguage":"es","potentialAction":[{"@type":"ReadAction","target":["https:\/\/oicos.cat\/es\/programa-de-ayudas-por-actuaciones-de-eficiencia-energetica-en-empresas-del-sector-industrial\/"]}]},{"@type":"ImageObject","inLanguage":"es","@id":"https:\/\/oicos.cat\/es\/programa-de-ayudas-por-actuaciones-de-eficiencia-energetica-en-empresas-del-sector-industrial\/#primaryimage","url":"https:\/\/oicos.cat\/wp-content\/uploads\/2019\/12\/crystal-kwok-XUEdfpPIhXg-unsplash.jpg","contentUrl":"https:\/\/oicos.cat\/wp-content\/uploads\/2019\/12\/crystal-kwok-XUEdfpPIhXg-unsplash.jpg","width":2560,"height":1707,"caption":"Photo by Crystal Kwok on Unsplash"},{"@type":"BreadcrumbList","@id":"https:\/\/oicos.cat\/es\/programa-de-ayudas-por-actuaciones-de-eficiencia-energetica-en-empresas-del-sector-industrial\/#breadcrumb","itemListElement":[{"@type":"ListItem","position":1,"name":"Inicio","item":"https:\/\/oicos.cat\/es\/"},{"@type":"ListItem","position":2,"name":"Programa de ayudas por actuaciones de eficiencia energ\u00e9tica en empresas del sector industrial"}]},{"@type":"WebSite","@id":"https:\/\/oicos.cat\/#website","url":"https:\/\/oicos.cat\/","name":"O\u00eecos","description":"Avan\u00e7ant cap a l&#039;economia verda i circular | O\u00ceCOS Estrategia Ambiental","publisher":{"@id":"https:\/\/oicos.cat\/#organization"},"potentialAction":[{"@type":"SearchAction","target":{"@type":"EntryPoint","urlTemplate":"https:\/\/oicos.cat\/?s={search_term_string}"},"query-input":{"@type":"PropertyValueSpecification","valueRequired":true,"valueName":"search_term_string"}}],"inLanguage":"es"},{"@type":"Organization","@id":"https:\/\/oicos.cat\/#organization","name":"Oicos Estrat\u00e8gia Ambiental, S.C.P","url":"https:\/\/oicos.cat\/","logo":{"@type":"ImageObject","inLanguage":"es","@id":"https:\/\/oicos.cat\/#\/schema\/logo\/image\/","url":"https:\/\/oicos.cat\/wp-content\/uploads\/2018\/03\/logo-oicos-01.jpg","contentUrl":"https:\/\/oicos.cat\/wp-content\/uploads\/2018\/03\/logo-oicos-01.jpg","width":1000,"height":600,"caption":"Oicos Estrat\u00e8gia Ambiental, S.C.P"},"image":{"@id":"https:\/\/oicos.cat\/#\/schema\/logo\/image\/"},"sameAs":["https:\/\/www.facebook.com\/OicosEstrategiaAmbiental","https:\/\/www.linkedin.com\/company\/o-c-s-estrategia-ambiental"]},{"@type":"Person","@id":"https:\/\/oicos.cat\/#\/schema\/person\/7771ffecac4bf02302579fb7072bd6dc","name":"Josep Rosell","image":{"@type":"ImageObject","inLanguage":"es","@id":"https:\/\/secure.gravatar.com\/avatar\/d2170ac7b95934633830bb89d18b6f4632dba48c9a856e0c4f254e4b613eca18?s=96&d=mm&r=g","url":"https:\/\/secure.gravatar.com\/avatar\/d2170ac7b95934633830bb89d18b6f4632dba48c9a856e0c4f254e4b613eca18?s=96&d=mm&r=g","contentUrl":"https:\/\/secure.gravatar.com\/avatar\/d2170ac7b95934633830bb89d18b6f4632dba48c9a856e0c4f254e4b613eca18?s=96&d=mm&r=g","caption":"Josep Rosell"},"sameAs":["http:\/\/oicos.cat"]}]}},"_links":{"self":[{"href":"https:\/\/oicos.cat\/es\/wp-json\/wp\/v2\/posts\/3968","targetHints":{"allow":["GET"]}}],"collection":[{"href":"https:\/\/oicos.cat\/es\/wp-json\/wp\/v2\/posts"}],"about":[{"href":"https:\/\/oicos.cat\/es\/wp-json\/wp\/v2\/types\/post"}],"author":[{"embeddable":true,"href":"https:\/\/oicos.cat\/es\/wp-json\/wp\/v2\/users\/2"}],"replies":[{"embeddable":true,"href":"https:\/\/oicos.cat\/es\/wp-json\/wp\/v2\/comments?post=3968"}],"version-history":[{"count":0,"href":"https:\/\/oicos.cat\/es\/wp-json\/wp\/v2\/posts\/3968\/revisions"}],"wp:featuredmedia":[{"embeddable":true,"href":"https:\/\/oicos.cat\/es\/wp-json\/wp\/v2\/media\/3965"}],"wp:attachment":[{"href":"https:\/\/oicos.cat\/es\/wp-json\/wp\/v2\/media?parent=3968"}],"wp:term":[{"taxonomy":"category","embeddable":true,"href":"https:\/\/oicos.cat\/es\/wp-json\/wp\/v2\/categories?post=3968"},{"taxonomy":"post_tag","embeddable":true,"href":"https:\/\/oicos.cat\/es\/wp-json\/wp\/v2\/tags?post=3968"}],"curies":[{"name":"wp","href":"https:\/\/api.w.org\/{rel}","templated":true}]}}