{"id":3778,"date":"2019-04-16T10:36:30","date_gmt":"2019-04-16T09:36:30","guid":{"rendered":"https:\/\/oicos.cat\/?p=3778"},"modified":"2019-04-16T10:36:34","modified_gmt":"2019-04-16T09:36:34","slug":"aprobado-el-real-decreto-que-establece-la-figura-del-autoconsumo-energetico-colectivo","status":"publish","type":"post","link":"https:\/\/oicos.cat\/es\/aprobado-el-real-decreto-que-establece-la-figura-del-autoconsumo-energetico-colectivo\/","title":{"rendered":"Aprobado el Real Decreto que establece la figura del autoconsumo energ\u00e9tico colectivo"},"content":{"rendered":"\n<p>El pasado 5 de abril se aprob\u00f3 el Real Decreto 244\/2019 que finalmente regula, entre otros, las condiciones del autoconsumo energ\u00e9tico compartido y c\u00f3mo se comepensa la energ\u00eda sobrante que los autoconsumidors inyectan en la red.<\/p>\n\n\n\n<h4 class=\"wp-block-heading\"><strong>Adi\u00f3s impuesto al Sol; Hola autoconsumo colectivo<\/strong><\/h4>\n\n\n\n<p> Como recordar\u00e9is, el pasado mes de octubre se aprob\u00f3 el Real Decreto Ley 15\/2018, mediante el que se derogaba el <strong>impuesto al sol<\/strong> y reconoc\u00eda el derecho a autoconsumir energ\u00eda el\u00e9ctrica sin peajes ni cargos. En sinton\u00eda con esta regulaci\u00f3n, el Real Decreto 244\/2019, aprobado el pasado 5 de abril, establece la figura del <strong>autoconsumo colectivo.<\/strong><\/p>\n\n\n\n<p>De este modo, se permite que los autoconsumidors puedan asociarse a una misma planta de generaci\u00f3n impulsando el autoconsumo en comunidades de propietarios, o entre empresas o industrias ubicadas en una misma localizaci\u00f3n. Tambi\u00e9n permite instalar placas fotovoltaicas en edificios contiguos que tengan mejor orientaci\u00f3n, siempre que haya acuerdo entre los diferentes propietarios, cuesti\u00f3n que no estaba regulada hasta ahora.<\/p>\n\n\n\n<h4 class=\"wp-block-heading\"><strong>Dos modalidades de autoconsumidores<\/strong><\/h4>\n\n\n\n<p> Hasta el momento, s\u00f3lo exist\u00eda una posibilidad, el autoconsumo individual conectado a una red interior. La nueva regulaci\u00f3n establece dos modelos:<\/p>\n\n\n\n<ul class=\"wp-block-list\"><li>Suministro con autoconsumo <strong>SIN excedentes<\/strong>: los que tienen intenci\u00f3n de verter a la red el excedente de lo que producen y no consumen.<\/li><li> Suministro con autoconsumo <strong>CON excedentes<\/strong>: la comercializadora de energ\u00eda de referencia compensar\u00e1 al usuario por la energ\u00eda excedentaria en cada factura mensual. La compensaci\u00f3n puede llegar hasta el 100% de la energ\u00eda consumida por el usuario al mes.<\/li><\/ul>\n\n\n\n<h4 class=\"wp-block-heading\"><strong>Simplificaci\u00f3n administrativa<\/strong><\/h4>\n\n\n\n<p> El Real Decreto reduce los tr\u00e1mites administrativos para todos los usuarios.<br> Hasta el momento, si el autoconsumidor quer\u00eda obtener una compensaci\u00f3n por esa energ\u00eda que se inyecta en la red, deb\u00eda constituirse jur\u00eddicamente como productor de energ\u00eda, realizando los tr\u00e1mites y declaraciones fiscales que la ley exige.<\/p>\n\n\n\n<p>A partir de ahora, en el caso del peque\u00f1o autoconsumidor (instalaciones de hasta 15 kW o de hasta 100kW, en caso de autoconsumo sin excedentes), se reducen a una \u00fanica gesti\u00f3n: notificar la instalaci\u00f3n de una planta de producci\u00f3n el\u00e9ctrica en su correspondiente comunidad o ciudad aut\u00f3noma. Adem\u00e1s, para las instalaciones de menos de 100kW en baja tensi\u00f3n, las administraciones pedir\u00e1n informaci\u00f3n a partir de los datos del certificado electrot\u00e9cnico de la instalaci\u00f3n.<\/p>\n\n\n\n<h4 class=\"wp-block-heading\"><strong>Un nuevo paso adelante<\/strong><\/h4>\n\n\n\n<p>Hay que tener en cuenta que la comercializaci\u00f3n directa de energ\u00eda entre privados hace ya un tiempo que es posible (aunque con ciertas dificultades administrativas) a trav\u00e9s de los llamados contratos bilaterales de energ\u00eda (PPA s), que son contratos entre un generador y un comprador para vender \/ comprar energ\u00eda a un precio prefijado para un horizonte temporal determinado, y que resulta interesante en ciertas industrias y equipamientos (ya regulado la Ley 24\/2013, de 26 de diciembre, del Sector El\u00e9ctrico)<\/p>\n\n\n\n<p>Hay que tener en cuenta que la comercializaci\u00f3n directa de energ\u00eda entre privados hace ya un tiempo que es posible (aunque con ciertas dificultades administrativas) a trav\u00e9s de los llamados <strong>contratos bilaterales de energ\u00eda (PPA s)<\/strong>, que son contratos entre un generador y un comprador para vender \/ comprar energ\u00eda a un precio prefijado para un horizonte temporal determinado, y que resulta interesante en ciertas industrias y equipamientos (ya regulado la Ley 24\/2013, de 26 de diciembre, del Sector El\u00e9ctrico)<\/p>\n\n\n\n<p>Sin duda, es un paso m\u00e1s hacia la <strong>transici\u00f3n energ\u00e9tica<\/strong> y finalmente se abre la puerta a una <strong>democratizaci\u00f3n de la energ\u00eda<\/strong> en nuestro pa\u00eds.<\/p>\n\n\n\n<p>Si est\u00e1n interesados \u200b\u200ben conpeixer m\u00e1s o en valorar la viabilidad t\u00e9cnica y econ\u00f3mica de una instalaci\u00f3n de autoconsumo en energ\u00edas renovables, no dude en contacto con nosotros!<\/p>\n\n\n\n<p>M\u00e1s informaci\u00f3n t\u00e9cnica a trav\u00e9s de este <a href=\"https:\/\/elblogdelinstalador.com\/claves-del-nuevo-decreto-para-el-autoconsumo-fotovoltaico-rd-244-2019\/\">LINK<\/a><\/p>\n","protected":false},"excerpt":{"rendered":"<p>El pasado 5 de abril se aprob\u00f3 el Real Decreto 244\/2019 que finalmente regula, entre otros, las condiciones del autoconsumo energ\u00e9tico compartido y c\u00f3mo se comepensa<span class=\"excerpt-hellip\"> [\u2026]<\/span><\/p>\n","protected":false},"author":2,"featured_media":3775,"comment_status":"open","ping_status":"open","sticky":false,"template":"","format":"standard","meta":{"footnotes":""},"categories":[27],"tags":[],"class_list":["post-3778","post","type-post","status-publish","format-standard","has-post-thumbnail","hentry","category-noticias"],"yoast_head":"<!-- This site is optimized with the Yoast SEO plugin v27.4 - https:\/\/yoast.com\/product\/yoast-seo-wordpress\/ -->\n<title>Aprobado el Real Decreto que establece la figura del autoconsumo energ\u00e9tico colectivo - O\u00eecos<\/title>\n<meta name=\"robots\" content=\"index, follow, max-snippet:-1, max-image-preview:large, max-video-preview:-1\" \/>\n<link rel=\"canonical\" href=\"https:\/\/oicos.cat\/es\/aprobado-el-real-decreto-que-establece-la-figura-del-autoconsumo-energetico-colectivo\/\" \/>\n<meta property=\"og:locale\" content=\"es_ES\" \/>\n<meta property=\"og:type\" content=\"article\" \/>\n<meta property=\"og:title\" content=\"Aprobado el Real Decreto que establece la figura del autoconsumo energ\u00e9tico colectivo - O\u00eecos\" \/>\n<meta property=\"og:description\" content=\"El pasado 5 de abril se aprob\u00f3 el Real Decreto 244\/2019 que finalmente regula, entre otros, las condiciones del autoconsumo energ\u00e9tico compartido y c\u00f3mo se comepensa [\u2026]\" \/>\n<meta property=\"og:url\" content=\"https:\/\/oicos.cat\/es\/aprobado-el-real-decreto-que-establece-la-figura-del-autoconsumo-energetico-colectivo\/\" \/>\n<meta property=\"og:site_name\" content=\"O\u00eecos\" \/>\n<meta property=\"article:publisher\" content=\"https:\/\/www.facebook.com\/OicosEstrategiaAmbiental\" \/>\n<meta property=\"article:published_time\" content=\"2019-04-16T09:36:30+00:00\" \/>\n<meta property=\"article:modified_time\" content=\"2019-04-16T09:36:34+00:00\" \/>\n<meta property=\"og:image\" content=\"https:\/\/oicos.cat\/wp-content\/uploads\/2019\/04\/solar-compartida.jpg\" \/>\n\t<meta property=\"og:image:width\" content=\"996\" \/>\n\t<meta property=\"og:image:height\" content=\"559\" \/>\n\t<meta property=\"og:image:type\" content=\"image\/jpeg\" \/>\n<meta name=\"author\" content=\"Josep Rosell\" \/>\n<meta name=\"twitter:card\" content=\"summary_large_image\" \/>\n<meta name=\"twitter:label1\" content=\"Escrito por\" \/>\n\t<meta name=\"twitter:data1\" content=\"Josep Rosell\" \/>\n\t<meta name=\"twitter:label2\" content=\"Tiempo de lectura\" \/>\n\t<meta name=\"twitter:data2\" content=\"3 minutos\" \/>\n<script type=\"application\/ld+json\" class=\"yoast-schema-graph\">{\"@context\":\"https:\\\/\\\/schema.org\",\"@graph\":[{\"@type\":\"Article\",\"@id\":\"https:\\\/\\\/oicos.cat\\\/es\\\/aprobado-el-real-decreto-que-establece-la-figura-del-autoconsumo-energetico-colectivo\\\/#article\",\"isPartOf\":{\"@id\":\"https:\\\/\\\/oicos.cat\\\/es\\\/aprobado-el-real-decreto-que-establece-la-figura-del-autoconsumo-energetico-colectivo\\\/\"},\"author\":{\"name\":\"Josep Rosell\",\"@id\":\"https:\\\/\\\/oicos.cat\\\/#\\\/schema\\\/person\\\/7771ffecac4bf02302579fb7072bd6dc\"},\"headline\":\"Aprobado el Real Decreto que establece la figura del autoconsumo energ\u00e9tico colectivo\",\"datePublished\":\"2019-04-16T09:36:30+00:00\",\"dateModified\":\"2019-04-16T09:36:34+00:00\",\"mainEntityOfPage\":{\"@id\":\"https:\\\/\\\/oicos.cat\\\/es\\\/aprobado-el-real-decreto-que-establece-la-figura-del-autoconsumo-energetico-colectivo\\\/\"},\"wordCount\":664,\"commentCount\":0,\"publisher\":{\"@id\":\"https:\\\/\\\/oicos.cat\\\/#organization\"},\"image\":{\"@id\":\"https:\\\/\\\/oicos.cat\\\/es\\\/aprobado-el-real-decreto-que-establece-la-figura-del-autoconsumo-energetico-colectivo\\\/#primaryimage\"},\"thumbnailUrl\":\"https:\\\/\\\/oicos.cat\\\/wp-content\\\/uploads\\\/2019\\\/04\\\/solar-compartida.jpg\",\"articleSection\":[\"Not\u00edcias\"],\"inLanguage\":\"es\",\"potentialAction\":[{\"@type\":\"CommentAction\",\"name\":\"Comment\",\"target\":[\"https:\\\/\\\/oicos.cat\\\/es\\\/aprobado-el-real-decreto-que-establece-la-figura-del-autoconsumo-energetico-colectivo\\\/#respond\"]}]},{\"@type\":\"WebPage\",\"@id\":\"https:\\\/\\\/oicos.cat\\\/es\\\/aprobado-el-real-decreto-que-establece-la-figura-del-autoconsumo-energetico-colectivo\\\/\",\"url\":\"https:\\\/\\\/oicos.cat\\\/es\\\/aprobado-el-real-decreto-que-establece-la-figura-del-autoconsumo-energetico-colectivo\\\/\",\"name\":\"Aprobado el Real Decreto que establece la figura del autoconsumo energ\u00e9tico colectivo - O\u00eecos\",\"isPartOf\":{\"@id\":\"https:\\\/\\\/oicos.cat\\\/#website\"},\"primaryImageOfPage\":{\"@id\":\"https:\\\/\\\/oicos.cat\\\/es\\\/aprobado-el-real-decreto-que-establece-la-figura-del-autoconsumo-energetico-colectivo\\\/#primaryimage\"},\"image\":{\"@id\":\"https:\\\/\\\/oicos.cat\\\/es\\\/aprobado-el-real-decreto-que-establece-la-figura-del-autoconsumo-energetico-colectivo\\\/#primaryimage\"},\"thumbnailUrl\":\"https:\\\/\\\/oicos.cat\\\/wp-content\\\/uploads\\\/2019\\\/04\\\/solar-compartida.jpg\",\"datePublished\":\"2019-04-16T09:36:30+00:00\",\"dateModified\":\"2019-04-16T09:36:34+00:00\",\"breadcrumb\":{\"@id\":\"https:\\\/\\\/oicos.cat\\\/es\\\/aprobado-el-real-decreto-que-establece-la-figura-del-autoconsumo-energetico-colectivo\\\/#breadcrumb\"},\"inLanguage\":\"es\",\"potentialAction\":[{\"@type\":\"ReadAction\",\"target\":[\"https:\\\/\\\/oicos.cat\\\/es\\\/aprobado-el-real-decreto-que-establece-la-figura-del-autoconsumo-energetico-colectivo\\\/\"]}]},{\"@type\":\"ImageObject\",\"inLanguage\":\"es\",\"@id\":\"https:\\\/\\\/oicos.cat\\\/es\\\/aprobado-el-real-decreto-que-establece-la-figura-del-autoconsumo-energetico-colectivo\\\/#primaryimage\",\"url\":\"https:\\\/\\\/oicos.cat\\\/wp-content\\\/uploads\\\/2019\\\/04\\\/solar-compartida.jpg\",\"contentUrl\":\"https:\\\/\\\/oicos.cat\\\/wp-content\\\/uploads\\\/2019\\\/04\\\/solar-compartida.jpg\",\"width\":996,\"height\":559},{\"@type\":\"BreadcrumbList\",\"@id\":\"https:\\\/\\\/oicos.cat\\\/es\\\/aprobado-el-real-decreto-que-establece-la-figura-del-autoconsumo-energetico-colectivo\\\/#breadcrumb\",\"itemListElement\":[{\"@type\":\"ListItem\",\"position\":1,\"name\":\"Inicio\",\"item\":\"https:\\\/\\\/oicos.cat\\\/es\\\/\"},{\"@type\":\"ListItem\",\"position\":2,\"name\":\"Aprobado el Real Decreto que establece la figura del autoconsumo energ\u00e9tico colectivo\"}]},{\"@type\":\"WebSite\",\"@id\":\"https:\\\/\\\/oicos.cat\\\/#website\",\"url\":\"https:\\\/\\\/oicos.cat\\\/\",\"name\":\"O\u00eecos\",\"description\":\"Avan\u00e7ant cap a l&#039;economia verda i circular | O\u00ceCOS Estrategia Ambiental\",\"publisher\":{\"@id\":\"https:\\\/\\\/oicos.cat\\\/#organization\"},\"potentialAction\":[{\"@type\":\"SearchAction\",\"target\":{\"@type\":\"EntryPoint\",\"urlTemplate\":\"https:\\\/\\\/oicos.cat\\\/?s={search_term_string}\"},\"query-input\":{\"@type\":\"PropertyValueSpecification\",\"valueRequired\":true,\"valueName\":\"search_term_string\"}}],\"inLanguage\":\"es\"},{\"@type\":\"Organization\",\"@id\":\"https:\\\/\\\/oicos.cat\\\/#organization\",\"name\":\"Oicos Estrat\u00e8gia Ambiental, S.C.P\",\"url\":\"https:\\\/\\\/oicos.cat\\\/\",\"logo\":{\"@type\":\"ImageObject\",\"inLanguage\":\"es\",\"@id\":\"https:\\\/\\\/oicos.cat\\\/#\\\/schema\\\/logo\\\/image\\\/\",\"url\":\"https:\\\/\\\/oicos.cat\\\/wp-content\\\/uploads\\\/2018\\\/03\\\/logo-oicos-01.jpg\",\"contentUrl\":\"https:\\\/\\\/oicos.cat\\\/wp-content\\\/uploads\\\/2018\\\/03\\\/logo-oicos-01.jpg\",\"width\":1000,\"height\":600,\"caption\":\"Oicos Estrat\u00e8gia Ambiental, S.C.P\"},\"image\":{\"@id\":\"https:\\\/\\\/oicos.cat\\\/#\\\/schema\\\/logo\\\/image\\\/\"},\"sameAs\":[\"https:\\\/\\\/www.facebook.com\\\/OicosEstrategiaAmbiental\",\"https:\\\/\\\/www.linkedin.com\\\/company\\\/o-c-s-estrategia-ambiental\"]},{\"@type\":\"Person\",\"@id\":\"https:\\\/\\\/oicos.cat\\\/#\\\/schema\\\/person\\\/7771ffecac4bf02302579fb7072bd6dc\",\"name\":\"Josep Rosell\",\"image\":{\"@type\":\"ImageObject\",\"inLanguage\":\"es\",\"@id\":\"https:\\\/\\\/secure.gravatar.com\\\/avatar\\\/d2170ac7b95934633830bb89d18b6f4632dba48c9a856e0c4f254e4b613eca18?s=96&d=mm&r=g\",\"url\":\"https:\\\/\\\/secure.gravatar.com\\\/avatar\\\/d2170ac7b95934633830bb89d18b6f4632dba48c9a856e0c4f254e4b613eca18?s=96&d=mm&r=g\",\"contentUrl\":\"https:\\\/\\\/secure.gravatar.com\\\/avatar\\\/d2170ac7b95934633830bb89d18b6f4632dba48c9a856e0c4f254e4b613eca18?s=96&d=mm&r=g\",\"caption\":\"Josep Rosell\"},\"sameAs\":[\"http:\\\/\\\/oicos.cat\"]}]}<\/script>\n<!-- \/ Yoast SEO plugin. -->","yoast_head_json":{"title":"Aprobado el Real Decreto que establece la figura del autoconsumo energ\u00e9tico colectivo - O\u00eecos","robots":{"index":"index","follow":"follow","max-snippet":"max-snippet:-1","max-image-preview":"max-image-preview:large","max-video-preview":"max-video-preview:-1"},"canonical":"https:\/\/oicos.cat\/es\/aprobado-el-real-decreto-que-establece-la-figura-del-autoconsumo-energetico-colectivo\/","og_locale":"es_ES","og_type":"article","og_title":"Aprobado el Real Decreto que establece la figura del autoconsumo energ\u00e9tico colectivo - O\u00eecos","og_description":"El pasado 5 de abril se aprob\u00f3 el Real Decreto 244\/2019 que finalmente regula, entre otros, las condiciones del autoconsumo energ\u00e9tico compartido y c\u00f3mo se comepensa [\u2026]","og_url":"https:\/\/oicos.cat\/es\/aprobado-el-real-decreto-que-establece-la-figura-del-autoconsumo-energetico-colectivo\/","og_site_name":"O\u00eecos","article_publisher":"https:\/\/www.facebook.com\/OicosEstrategiaAmbiental","article_published_time":"2019-04-16T09:36:30+00:00","article_modified_time":"2019-04-16T09:36:34+00:00","og_image":[{"width":996,"height":559,"url":"https:\/\/oicos.cat\/wp-content\/uploads\/2019\/04\/solar-compartida.jpg","type":"image\/jpeg"}],"author":"Josep Rosell","twitter_card":"summary_large_image","twitter_misc":{"Escrito por":"Josep Rosell","Tiempo de lectura":"3 minutos"},"schema":{"@context":"https:\/\/schema.org","@graph":[{"@type":"Article","@id":"https:\/\/oicos.cat\/es\/aprobado-el-real-decreto-que-establece-la-figura-del-autoconsumo-energetico-colectivo\/#article","isPartOf":{"@id":"https:\/\/oicos.cat\/es\/aprobado-el-real-decreto-que-establece-la-figura-del-autoconsumo-energetico-colectivo\/"},"author":{"name":"Josep Rosell","@id":"https:\/\/oicos.cat\/#\/schema\/person\/7771ffecac4bf02302579fb7072bd6dc"},"headline":"Aprobado el Real Decreto que establece la figura del autoconsumo energ\u00e9tico colectivo","datePublished":"2019-04-16T09:36:30+00:00","dateModified":"2019-04-16T09:36:34+00:00","mainEntityOfPage":{"@id":"https:\/\/oicos.cat\/es\/aprobado-el-real-decreto-que-establece-la-figura-del-autoconsumo-energetico-colectivo\/"},"wordCount":664,"commentCount":0,"publisher":{"@id":"https:\/\/oicos.cat\/#organization"},"image":{"@id":"https:\/\/oicos.cat\/es\/aprobado-el-real-decreto-que-establece-la-figura-del-autoconsumo-energetico-colectivo\/#primaryimage"},"thumbnailUrl":"https:\/\/oicos.cat\/wp-content\/uploads\/2019\/04\/solar-compartida.jpg","articleSection":["Not\u00edcias"],"inLanguage":"es","potentialAction":[{"@type":"CommentAction","name":"Comment","target":["https:\/\/oicos.cat\/es\/aprobado-el-real-decreto-que-establece-la-figura-del-autoconsumo-energetico-colectivo\/#respond"]}]},{"@type":"WebPage","@id":"https:\/\/oicos.cat\/es\/aprobado-el-real-decreto-que-establece-la-figura-del-autoconsumo-energetico-colectivo\/","url":"https:\/\/oicos.cat\/es\/aprobado-el-real-decreto-que-establece-la-figura-del-autoconsumo-energetico-colectivo\/","name":"Aprobado el Real Decreto que establece la figura del autoconsumo energ\u00e9tico colectivo - O\u00eecos","isPartOf":{"@id":"https:\/\/oicos.cat\/#website"},"primaryImageOfPage":{"@id":"https:\/\/oicos.cat\/es\/aprobado-el-real-decreto-que-establece-la-figura-del-autoconsumo-energetico-colectivo\/#primaryimage"},"image":{"@id":"https:\/\/oicos.cat\/es\/aprobado-el-real-decreto-que-establece-la-figura-del-autoconsumo-energetico-colectivo\/#primaryimage"},"thumbnailUrl":"https:\/\/oicos.cat\/wp-content\/uploads\/2019\/04\/solar-compartida.jpg","datePublished":"2019-04-16T09:36:30+00:00","dateModified":"2019-04-16T09:36:34+00:00","breadcrumb":{"@id":"https:\/\/oicos.cat\/es\/aprobado-el-real-decreto-que-establece-la-figura-del-autoconsumo-energetico-colectivo\/#breadcrumb"},"inLanguage":"es","potentialAction":[{"@type":"ReadAction","target":["https:\/\/oicos.cat\/es\/aprobado-el-real-decreto-que-establece-la-figura-del-autoconsumo-energetico-colectivo\/"]}]},{"@type":"ImageObject","inLanguage":"es","@id":"https:\/\/oicos.cat\/es\/aprobado-el-real-decreto-que-establece-la-figura-del-autoconsumo-energetico-colectivo\/#primaryimage","url":"https:\/\/oicos.cat\/wp-content\/uploads\/2019\/04\/solar-compartida.jpg","contentUrl":"https:\/\/oicos.cat\/wp-content\/uploads\/2019\/04\/solar-compartida.jpg","width":996,"height":559},{"@type":"BreadcrumbList","@id":"https:\/\/oicos.cat\/es\/aprobado-el-real-decreto-que-establece-la-figura-del-autoconsumo-energetico-colectivo\/#breadcrumb","itemListElement":[{"@type":"ListItem","position":1,"name":"Inicio","item":"https:\/\/oicos.cat\/es\/"},{"@type":"ListItem","position":2,"name":"Aprobado el Real Decreto que establece la figura del autoconsumo energ\u00e9tico colectivo"}]},{"@type":"WebSite","@id":"https:\/\/oicos.cat\/#website","url":"https:\/\/oicos.cat\/","name":"O\u00eecos","description":"Avan\u00e7ant cap a l&#039;economia verda i circular | O\u00ceCOS Estrategia Ambiental","publisher":{"@id":"https:\/\/oicos.cat\/#organization"},"potentialAction":[{"@type":"SearchAction","target":{"@type":"EntryPoint","urlTemplate":"https:\/\/oicos.cat\/?s={search_term_string}"},"query-input":{"@type":"PropertyValueSpecification","valueRequired":true,"valueName":"search_term_string"}}],"inLanguage":"es"},{"@type":"Organization","@id":"https:\/\/oicos.cat\/#organization","name":"Oicos Estrat\u00e8gia Ambiental, S.C.P","url":"https:\/\/oicos.cat\/","logo":{"@type":"ImageObject","inLanguage":"es","@id":"https:\/\/oicos.cat\/#\/schema\/logo\/image\/","url":"https:\/\/oicos.cat\/wp-content\/uploads\/2018\/03\/logo-oicos-01.jpg","contentUrl":"https:\/\/oicos.cat\/wp-content\/uploads\/2018\/03\/logo-oicos-01.jpg","width":1000,"height":600,"caption":"Oicos Estrat\u00e8gia Ambiental, S.C.P"},"image":{"@id":"https:\/\/oicos.cat\/#\/schema\/logo\/image\/"},"sameAs":["https:\/\/www.facebook.com\/OicosEstrategiaAmbiental","https:\/\/www.linkedin.com\/company\/o-c-s-estrategia-ambiental"]},{"@type":"Person","@id":"https:\/\/oicos.cat\/#\/schema\/person\/7771ffecac4bf02302579fb7072bd6dc","name":"Josep Rosell","image":{"@type":"ImageObject","inLanguage":"es","@id":"https:\/\/secure.gravatar.com\/avatar\/d2170ac7b95934633830bb89d18b6f4632dba48c9a856e0c4f254e4b613eca18?s=96&d=mm&r=g","url":"https:\/\/secure.gravatar.com\/avatar\/d2170ac7b95934633830bb89d18b6f4632dba48c9a856e0c4f254e4b613eca18?s=96&d=mm&r=g","contentUrl":"https:\/\/secure.gravatar.com\/avatar\/d2170ac7b95934633830bb89d18b6f4632dba48c9a856e0c4f254e4b613eca18?s=96&d=mm&r=g","caption":"Josep Rosell"},"sameAs":["http:\/\/oicos.cat"]}]}},"_links":{"self":[{"href":"https:\/\/oicos.cat\/es\/wp-json\/wp\/v2\/posts\/3778","targetHints":{"allow":["GET"]}}],"collection":[{"href":"https:\/\/oicos.cat\/es\/wp-json\/wp\/v2\/posts"}],"about":[{"href":"https:\/\/oicos.cat\/es\/wp-json\/wp\/v2\/types\/post"}],"author":[{"embeddable":true,"href":"https:\/\/oicos.cat\/es\/wp-json\/wp\/v2\/users\/2"}],"replies":[{"embeddable":true,"href":"https:\/\/oicos.cat\/es\/wp-json\/wp\/v2\/comments?post=3778"}],"version-history":[{"count":0,"href":"https:\/\/oicos.cat\/es\/wp-json\/wp\/v2\/posts\/3778\/revisions"}],"wp:featuredmedia":[{"embeddable":true,"href":"https:\/\/oicos.cat\/es\/wp-json\/wp\/v2\/media\/3775"}],"wp:attachment":[{"href":"https:\/\/oicos.cat\/es\/wp-json\/wp\/v2\/media?parent=3778"}],"wp:term":[{"taxonomy":"category","embeddable":true,"href":"https:\/\/oicos.cat\/es\/wp-json\/wp\/v2\/categories?post=3778"},{"taxonomy":"post_tag","embeddable":true,"href":"https:\/\/oicos.cat\/es\/wp-json\/wp\/v2\/tags?post=3778"}],"curies":[{"name":"wp","href":"https:\/\/api.w.org\/{rel}","templated":true}]}}